{"id":28747,"date":"2020-06-01T20:30:27","date_gmt":"2020-06-01T20:30:27","guid":{"rendered":"https:\/\/sertv.gob.pa\/crisolfm\/?p=28747"},"modified":"2020-06-01T20:30:27","modified_gmt":"2020-06-01T20:30:27","slug":"poetas-de-12-paises-dan-recital-virtual-para-abrazar-al-mundo-en-la-pandemia","status":"publish","type":"post","link":"https:\/\/sertv.gob.pa\/crisolfm\/poetas-de-12-paises-dan-recital-virtual-para-abrazar-al-mundo-en-la-pandemia\/","title":{"rendered":"Poetas de 12 pa\u00edses dan recital virtual para abrazar al mundo en la pandemia"},"content":{"rendered":"<p>Entre versos y reflexiones, <strong>poetas de 12 pa\u00edses iniciaron una \u00abrevoluci\u00f3n po\u00e9tica\u00bb<\/strong> al dar un recital virtual que transmiti\u00f3 un mensaje de fuerza y esperanza para \u00ababrazar\u00bb a la humanidad que est\u00e1 confinada por la pandemia del COVID-19.<\/p>\n<p><strong>La iniciativa \u00abImagina el Mundo\u00bb<\/strong>, organizada por el Movimiento Po\u00e9tico Mundial (WPM, por sus siglas en ingl\u00e9s) y coordinada desde Medell\u00edn, tuvo como hilo conductor una lectura de poemas que termin\u00f3 en un di\u00e1logo desde cuatro continentes sobre humanismo, justicia y solidaridad.<\/p>\n<p>\u00abLa poes\u00eda puede llegar a constituirse <strong>en un esp\u00edritu fundamental en este momento de la historia<\/strong>\u00ab, expres\u00f3 a Efe el director del Festival Internacional de Poes\u00eda de Medell\u00edn, Fernando Rend\u00f3n, quien lider\u00f3 el recital.<\/p>\n<p>Agreg\u00f3 que cuando los seres humanos <strong>est\u00e1n \u00abdisgregados\u00bb y no pueden comunicarse, la poes\u00eda<\/strong> \u00abpuede llegar a unir profundamente y esencialmente\u00bb, en este caso, desde el \u00abmundo virtual\u00bb.<br \/>\n\u00abLa poes\u00eda es el abrazo generoso, el abrazo fraterno\u00bb, asegur\u00f3 Rend\u00f3n, quien inst\u00f3 a terminar con odios y divisiones al considerar que es el momento de la \u00abjusticia\u00bb y de \u00abmirar hacia los despose\u00eddos\u00bb.<\/p>\n<p>&nbsp;<\/p>\n<p>Fuente:\u00a0 EFE<\/p>\n<p>&nbsp;<\/p>\n<p>&nbsp;<\/p>\n","protected":false},"excerpt":{"rendered":"<p>Entre versos y reflexiones, poetas de 12 pa\u00edses iniciaron una <a href=\"https:\/\/sertv.gob.pa\/crisolfm\/poetas-de-12-paises-dan-recital-virtual-para-abrazar-al-mundo-en-la-pandemia\/\"> [&#8230;]<\/a><\/p>\n","protected":false},"author":64,"featured_media":28748,"comment_status":"closed","ping_status":"closed","sticky":false,"template":"","format":"standard","meta":{"footnotes":""},"categories":[6],"tags":[],"class_list":["post-28747","post","type-post","status-publish","format-standard","has-post-thumbnail","hentry","category-culturales"],"_links":{"self":[{"href":"https:\/\/sertv.gob.pa\/crisolfm\/wp-json\/wp\/v2\/posts\/28747","targetHints":{"allow":["GET"]}}],"collection":[{"href":"https:\/\/sertv.gob.pa\/crisolfm\/wp-json\/wp\/v2\/posts"}],"about":[{"href":"https:\/\/sertv.gob.pa\/crisolfm\/wp-json\/wp\/v2\/types\/post"}],"author":[{"embeddable":true,"href":"https:\/\/sertv.gob.pa\/crisolfm\/wp-json\/wp\/v2\/users\/64"}],"replies":[{"embeddable":true,"href":"https:\/\/sertv.gob.pa\/crisolfm\/wp-json\/wp\/v2\/comments?post=28747"}],"version-history":[{"count":1,"href":"https:\/\/sertv.gob.pa\/crisolfm\/wp-json\/wp\/v2\/posts\/28747\/revisions"}],"predecessor-version":[{"id":28749,"href":"https:\/\/sertv.gob.pa\/crisolfm\/wp-json\/wp\/v2\/posts\/28747\/revisions\/28749"}],"wp:featuredmedia":[{"embeddable":true,"href":"https:\/\/sertv.gob.pa\/crisolfm\/wp-json\/wp\/v2\/media\/28748"}],"wp:attachment":[{"href":"https:\/\/sertv.gob.pa\/crisolfm\/wp-json\/wp\/v2\/media?parent=28747"}],"wp:term":[{"taxonomy":"category","embeddable":true,"href":"https:\/\/sertv.gob.pa\/crisolfm\/wp-json\/wp\/v2\/categories?post=28747"},{"taxonomy":"post_tag","embeddable":true,"href":"https:\/\/sertv.gob.pa\/crisolfm\/wp-json\/wp\/v2\/tags?post=28747"}],"curies":[{"name":"wp","href":"https:\/\/api.w.org\/{rel}","templated":true}]}}