{"id":28753,"date":"2020-06-02T13:21:02","date_gmt":"2020-06-02T13:21:02","guid":{"rendered":"https:\/\/sertv.gob.pa\/crisolfm\/?p=28753"},"modified":"2020-06-02T13:21:02","modified_gmt":"2020-06-02T13:21:02","slug":"el-guggenheim-el-primer-gran-museo-en-reabrir-en-espana","status":"publish","type":"post","link":"https:\/\/sertv.gob.pa\/crisolfm\/el-guggenheim-el-primer-gran-museo-en-reabrir-en-espana\/","title":{"rendered":"El Guggenheim, el primer gran museo en reabrir en Espa\u00f1a"},"content":{"rendered":"<p>El<strong> Museo Guggenheim en Bilbao<\/strong> se convirti\u00f3 ayer en el primer gran museo en reabrir sus puertas en Espa\u00f1a, pa\u00eds que avanza en su desconfinamiento con un 70% de la poblaci\u00f3n disfrutando de playas y restaurantes.<\/p>\n<p>El Guggenheim de Bilbao, conocido por su vanguardista edificio de formas sinuosas dise\u00f1ado por el arquitecto <a href=\"https:\/\/www.prensa.com\/tema\/frank-gehry\/\" target=\"_blank\" rel=\"noopener\">Frank Gehry<\/a>, abrir\u00e1 con horario reducido durante junio, seg\u00fan indic\u00f3 la instituci\u00f3n en su p\u00e1gina web.<\/p>\n<p>Todos los museos de Espa\u00f1a, uno de los pa\u00edses m\u00e1s golpeados por la pandemia del <a href=\"https:\/\/www.prensa.com\/tema\/coronavirus\/\" target=\"_blank\" rel=\"noopener\">coronavirus<\/a> con m\u00e1s de 27 mil fallecidos, cerraron al declararse el 14 de marzo un estricto confinamiento de la poblaci\u00f3n para reducir los contagios.<\/p>\n<p>Con la epidemia controlada, el pa\u00eds inici\u00f3 hace unas semanas un desconfinamiento gradual por fases, que el presidente del gobierno, <strong>Pedro S\u00e1nchez,<\/strong> dijo esperar que haya finalizado para el 1 de julio.<\/p>\n<p>Dentro de la desescalada, los museos tienen autorizaci\u00f3n para reabrir aunque con un aforo de entre el 30% y 50% de su capacidad habitual. De todas maneras, grandes instituciones como El Prado y el Reina Sof\u00eda en Madrid retrasaron su reapertura hasta el 6 de junio.<\/p>\n<p>Ayer lunes, un 70% de los espa\u00f1oles estaban en la fase 2, que permite la apertura de playas y de los restaurantes, que hasta la fase 1 solo pod\u00edan ofrecer mesas en terrazas. Tambi\u00e9n pueden funcionar cines, teatros y centros comerciales con aforo reducido.<\/p>\n<p>Peque\u00f1as islas de los archipi\u00e9lagos de Canarias y Baleares entraron en la tercera y \u00faltima fase, que autoriza a abrir barras de bares, casinos y centros recreativos como zool\u00f3gicos.<\/p>\n<p>Pero Madrid y Barcelona, escenario de los mayores brotes del coronavirus en el pa\u00eds, se mantienen en la primera fase, a la que reci\u00e9n ingresaron hace una semana.<\/p>\n<p>&nbsp;<\/p>\n<p>Fuente:\u00a0 AFP<\/p>\n","protected":false},"excerpt":{"rendered":"<p>El Museo Guggenheim en Bilbao se convirti\u00f3 ayer en el <a href=\"https:\/\/sertv.gob.pa\/crisolfm\/el-guggenheim-el-primer-gran-museo-en-reabrir-en-espana\/\"> [&#8230;]<\/a><\/p>\n","protected":false},"author":64,"featured_media":28754,"comment_status":"closed","ping_status":"closed","sticky":false,"template":"","format":"standard","meta":{"footnotes":""},"categories":[6],"tags":[],"class_list":["post-28753","post","type-post","status-publish","format-standard","has-post-thumbnail","hentry","category-culturales"],"_links":{"self":[{"href":"https:\/\/sertv.gob.pa\/crisolfm\/wp-json\/wp\/v2\/posts\/28753","targetHints":{"allow":["GET"]}}],"collection":[{"href":"https:\/\/sertv.gob.pa\/crisolfm\/wp-json\/wp\/v2\/posts"}],"about":[{"href":"https:\/\/sertv.gob.pa\/crisolfm\/wp-json\/wp\/v2\/types\/post"}],"author":[{"embeddable":true,"href":"https:\/\/sertv.gob.pa\/crisolfm\/wp-json\/wp\/v2\/users\/64"}],"replies":[{"embeddable":true,"href":"https:\/\/sertv.gob.pa\/crisolfm\/wp-json\/wp\/v2\/comments?post=28753"}],"version-history":[{"count":1,"href":"https:\/\/sertv.gob.pa\/crisolfm\/wp-json\/wp\/v2\/posts\/28753\/revisions"}],"predecessor-version":[{"id":28755,"href":"https:\/\/sertv.gob.pa\/crisolfm\/wp-json\/wp\/v2\/posts\/28753\/revisions\/28755"}],"wp:featuredmedia":[{"embeddable":true,"href":"https:\/\/sertv.gob.pa\/crisolfm\/wp-json\/wp\/v2\/media\/28754"}],"wp:attachment":[{"href":"https:\/\/sertv.gob.pa\/crisolfm\/wp-json\/wp\/v2\/media?parent=28753"}],"wp:term":[{"taxonomy":"category","embeddable":true,"href":"https:\/\/sertv.gob.pa\/crisolfm\/wp-json\/wp\/v2\/categories?post=28753"},{"taxonomy":"post_tag","embeddable":true,"href":"https:\/\/sertv.gob.pa\/crisolfm\/wp-json\/wp\/v2\/tags?post=28753"}],"curies":[{"name":"wp","href":"https:\/\/api.w.org\/{rel}","templated":true}]}}