{"id":28756,"date":"2020-06-02T13:42:20","date_gmt":"2020-06-02T13:42:20","guid":{"rendered":"https:\/\/sertv.gob.pa\/crisolfm\/?p=28756"},"modified":"2020-06-02T13:42:20","modified_gmt":"2020-06-02T13:42:20","slug":"la-opera-metropolitana-de-nueva-york-cancela-su-temporada-de-otono-por-el-coronavirus","status":"publish","type":"post","link":"https:\/\/sertv.gob.pa\/crisolfm\/la-opera-metropolitana-de-nueva-york-cancela-su-temporada-de-otono-por-el-coronavirus\/","title":{"rendered":"La \u00d3pera Metropolitana de Nueva York cancela su temporada de oto\u00f1o por el coronavirus"},"content":{"rendered":"<p>La<strong> \u00d3pera Metropolitana de Nueva York (Met) <\/strong>anunci\u00f3 este lunes que su temporada 2020-2021 no empezar\u00e1 hasta el 31 de diciembre, tres meses m\u00e1s tarde de lo previsto, debido a la pandemia de <a href=\"https:\/\/www.prensa.com\/tema\/coronavirus\/\" target=\"_blank\" rel=\"noopener\">coronavirus. <\/a><\/p>\n<p>\u00abDada la enorme complejidad de organizaci\u00f3n del calendario del Met, no nos queda otra opci\u00f3n que anular nuestra temporada de oto\u00f1o\u00bb, indic\u00f3 el gerente general, Peter Gelb, en un comunicado.<\/p>\n<p>\u00abNo se puede regresar a una \u00f3pera en septiembre mientras el distanciamiento social siga vigente\u00bb, a\u00f1adi\u00f3.<\/p>\n<p>La producci\u00f3n de \u00abA\u00edda\u00bb, de Giuseppe Verdi, que estaba prevista para el 21 de septiembre, ha sido anulada, al igual que la de \u00abEl \u00e1ngel de fuego\u00bb, de Sergue\u00ef Prokofiev, cuyas representaciones iban a comenzar el 12 de noviembre.<\/p>\n<p>El nuevo calendario comenzar\u00e1 el 31 de diciembre con una gala cuyos detalles a\u00fan no han sido anunciados.<\/p>\n<p>\u00abLa flauta encantada\u00bb y \u00abDon Juan\u00bb, de Wolfgang Amadeus Mozart, estar\u00e1n en el programa de 2021, como estaba previsto, pero con puestas en escena ya vistas en Nueva York.<\/p>\n<p>Por falta de tiempo \u00abpara las preparaciones t\u00e9cnicas necesarias\u00bb, los organizadores tuvieron que renunciar a presentar las nuevas puestas en escena previstas, entre ellas un \u00abDon Juan\u00bb dirigido por el belga Ivo van Hove.<\/p>\n<p>Para compensar una parte de las fechas anuladas, la \u00d3pera Metropolitana introdujo representaciones adicionales en febrero.<\/p>\n<p>El Met anunci\u00f3 adem\u00e1s que adelantar\u00e1 la hora del inicio de las funciones \u00absiempre que resulte posible\u00bb y que \u00abestudia acortar la duraci\u00f3n de algunas representaciones\u00bb.<\/p>\n<p>La ciudad de Nueva York iniciar\u00e1 la primera fase de salida del confinamiento decretado por las autoridades en la semana del 8 de junio.<\/p>\n<p>Pero esa primera fase no afecta a las artes esc\u00e9nicas, que deber\u00e1n esperar a la cuarta y \u00faltima fase del plan de desconfinamiento, cuya fecha a\u00fan se desconoce.<\/p>\n<p>Ning\u00fan teatro ni sala de espect\u00e1culos de Nueva York ha anunciado su fecha de reapertura hasta el momento.<\/p>\n<p>&nbsp;<\/p>\n<p>Fuente:\u00a0\u00a0 AFP<\/p>\n","protected":false},"excerpt":{"rendered":"<p>La \u00d3pera Metropolitana de Nueva York (Met) anunci\u00f3 este lunes <a href=\"https:\/\/sertv.gob.pa\/crisolfm\/la-opera-metropolitana-de-nueva-york-cancela-su-temporada-de-otono-por-el-coronavirus\/\"> [&#8230;]<\/a><\/p>\n","protected":false},"author":64,"featured_media":28757,"comment_status":"closed","ping_status":"closed","sticky":false,"template":"","format":"standard","meta":{"footnotes":""},"categories":[6],"tags":[],"class_list":["post-28756","post","type-post","status-publish","format-standard","has-post-thumbnail","hentry","category-culturales"],"_links":{"self":[{"href":"https:\/\/sertv.gob.pa\/crisolfm\/wp-json\/wp\/v2\/posts\/28756","targetHints":{"allow":["GET"]}}],"collection":[{"href":"https:\/\/sertv.gob.pa\/crisolfm\/wp-json\/wp\/v2\/posts"}],"about":[{"href":"https:\/\/sertv.gob.pa\/crisolfm\/wp-json\/wp\/v2\/types\/post"}],"author":[{"embeddable":true,"href":"https:\/\/sertv.gob.pa\/crisolfm\/wp-json\/wp\/v2\/users\/64"}],"replies":[{"embeddable":true,"href":"https:\/\/sertv.gob.pa\/crisolfm\/wp-json\/wp\/v2\/comments?post=28756"}],"version-history":[{"count":1,"href":"https:\/\/sertv.gob.pa\/crisolfm\/wp-json\/wp\/v2\/posts\/28756\/revisions"}],"predecessor-version":[{"id":28758,"href":"https:\/\/sertv.gob.pa\/crisolfm\/wp-json\/wp\/v2\/posts\/28756\/revisions\/28758"}],"wp:featuredmedia":[{"embeddable":true,"href":"https:\/\/sertv.gob.pa\/crisolfm\/wp-json\/wp\/v2\/media\/28757"}],"wp:attachment":[{"href":"https:\/\/sertv.gob.pa\/crisolfm\/wp-json\/wp\/v2\/media?parent=28756"}],"wp:term":[{"taxonomy":"category","embeddable":true,"href":"https:\/\/sertv.gob.pa\/crisolfm\/wp-json\/wp\/v2\/categories?post=28756"},{"taxonomy":"post_tag","embeddable":true,"href":"https:\/\/sertv.gob.pa\/crisolfm\/wp-json\/wp\/v2\/tags?post=28756"}],"curies":[{"name":"wp","href":"https:\/\/api.w.org\/{rel}","templated":true}]}}