{"id":28759,"date":"2020-06-02T13:55:02","date_gmt":"2020-06-02T13:55:02","guid":{"rendered":"https:\/\/sertv.gob.pa\/crisolfm\/?p=28759"},"modified":"2020-06-02T13:55:02","modified_gmt":"2020-06-02T13:55:02","slug":"micultura-anuncia-ganadores-de-concurso-mi-historia-cuenta","status":"publish","type":"post","link":"https:\/\/sertv.gob.pa\/crisolfm\/micultura-anuncia-ganadores-de-concurso-mi-historia-cuenta\/","title":{"rendered":"MiCultura anuncia ganadores de concurso \u201cMi Historia Cuenta\u201d"},"content":{"rendered":"<p>El Ministerio de Cultura anuncia los 4 trabajos fotogr\u00e1ficos ganadores del concurso \u201cMi Historia Cuenta\u201d, organizado con el apoyo del Banco Interamericano de Desarrollo (BID).<\/p>\n<p>Los usuarios de las cuentas @accesoriosclemen, con la fotograf\u00eda titulada \u201cEnse\u00f1anzas de la vida\u201d en la categor\u00eda de actividad; @sebastianautismo en la modalidad de foto de personas con su trabajo \u201cSebasti\u00e1n en Boca La Caja\u201d; \u201cla cara vegetal\u201d de @cocinemossinreceta en la categor\u00eda de objetos y \u201cla nueva esquina favorita\u201d de @fryas en el grupo de espacios, resultaron ganadores de este concurso.<\/p>\n<p>El jurado calificador hizo una preselecci\u00f3n de las mejores fotos por categor\u00eda de un total de 80 trabajos escogidos para proclamar a un ganador y tres menciones honor\u00edficas por cada categor\u00eda.<\/p>\n<p>Se dio a conocer que las fotos ganadoras ser\u00e1n difundidas en la cuenta del Instagram de MiCultura para efectuar una votaci\u00f3n del p\u00fablico que destaque la foto favorita por los usuarios de las Redes Sociales.<\/p>\n<p>El ministro de Cultura, Carlos Aguilar Navarro, expres\u00f3 su complacencia por la calidad de cada foto participante y reitero\u0301 la importancia de promover los valores y la solidaridad a trav\u00e9s de las expresiones art\u00edsticas y culturales.<\/p>\n<p>\u201cCon iniciativas como Mi Historia Cuenta queremos ayudar a mantener, promover y expandir las relaciones humanas, generando empat\u00eda, solidaridad y conciencia en estos tiempos inciertos\u201d, dijo.<\/p>\n<p>En relaci\u00f3n a la importancia de este concurso realizado, instituciones como el BID reconoce el rol de la cultura y la memoria hist\u00f3rica en las transformaciones sociales.<\/p>\n<p>Este proyecto cont\u00f3 con el respaldo del Despacho de la Primera Dama de la Rep\u00fablica, Yazm\u00edn Col\u00f3n de Cortizo y el Gremio de Fot\u00f3grafos de Panam\u00e1. Asimismo, UNESCO, con el movimiento #Resiliart, apoy\u00f3 esta iniciativa cultural.<\/p>\n<p>&nbsp;<\/p>\n<p>Fuente:\u00a0 MiCultura<\/p>\n","protected":false},"excerpt":{"rendered":"<p>El Ministerio de Cultura anuncia los 4 trabajos fotogr\u00e1ficos ganadores <a href=\"https:\/\/sertv.gob.pa\/crisolfm\/micultura-anuncia-ganadores-de-concurso-mi-historia-cuenta\/\"> [&#8230;]<\/a><\/p>\n","protected":false},"author":64,"featured_media":28760,"comment_status":"closed","ping_status":"closed","sticky":false,"template":"","format":"standard","meta":{"footnotes":""},"categories":[6],"tags":[],"class_list":["post-28759","post","type-post","status-publish","format-standard","has-post-thumbnail","hentry","category-culturales"],"_links":{"self":[{"href":"https:\/\/sertv.gob.pa\/crisolfm\/wp-json\/wp\/v2\/posts\/28759","targetHints":{"allow":["GET"]}}],"collection":[{"href":"https:\/\/sertv.gob.pa\/crisolfm\/wp-json\/wp\/v2\/posts"}],"about":[{"href":"https:\/\/sertv.gob.pa\/crisolfm\/wp-json\/wp\/v2\/types\/post"}],"author":[{"embeddable":true,"href":"https:\/\/sertv.gob.pa\/crisolfm\/wp-json\/wp\/v2\/users\/64"}],"replies":[{"embeddable":true,"href":"https:\/\/sertv.gob.pa\/crisolfm\/wp-json\/wp\/v2\/comments?post=28759"}],"version-history":[{"count":1,"href":"https:\/\/sertv.gob.pa\/crisolfm\/wp-json\/wp\/v2\/posts\/28759\/revisions"}],"predecessor-version":[{"id":28761,"href":"https:\/\/sertv.gob.pa\/crisolfm\/wp-json\/wp\/v2\/posts\/28759\/revisions\/28761"}],"wp:featuredmedia":[{"embeddable":true,"href":"https:\/\/sertv.gob.pa\/crisolfm\/wp-json\/wp\/v2\/media\/28760"}],"wp:attachment":[{"href":"https:\/\/sertv.gob.pa\/crisolfm\/wp-json\/wp\/v2\/media?parent=28759"}],"wp:term":[{"taxonomy":"category","embeddable":true,"href":"https:\/\/sertv.gob.pa\/crisolfm\/wp-json\/wp\/v2\/categories?post=28759"},{"taxonomy":"post_tag","embeddable":true,"href":"https:\/\/sertv.gob.pa\/crisolfm\/wp-json\/wp\/v2\/tags?post=28759"}],"curies":[{"name":"wp","href":"https:\/\/api.w.org\/{rel}","templated":true}]}}