{"id":28785,"date":"2020-06-02T17:37:53","date_gmt":"2020-06-02T17:37:53","guid":{"rendered":"https:\/\/sertv.gob.pa\/crisolfm\/?p=28785"},"modified":"2020-06-02T17:37:53","modified_gmt":"2020-06-02T17:37:53","slug":"reabre-la-gran-exposicion-de-rafael-en-roma-simbolo-de-la-esperanza-en-italia","status":"publish","type":"post","link":"https:\/\/sertv.gob.pa\/crisolfm\/reabre-la-gran-exposicion-de-rafael-en-roma-simbolo-de-la-esperanza-en-italia\/","title":{"rendered":"Reabre la gran exposici\u00f3n de Rafael en Roma, s\u00edmbolo de la esperanza en Italia"},"content":{"rendered":"<p>Italia adora a Rafael, un s\u00edmbolo de su identidad y belleza. Por eso la <a href=\"https:\/\/www.abc.es\/cultura\/arte\/abci-rafael-superstar-italia-celebra-genio-urbino-gran-exposicion-202002260155_noticia.html\" target=\"_blank\" rel=\"noopener\">reapertura de la <strong>gran exposici\u00f3n <\/strong><\/a>sobre el maestro de Urbino en las Escuder\u00edas del Quirinal en Roma, <strong>acontecimiento cultural del a\u00f1o<\/strong> en Italia, se ha hecho coincidir este martes con la<strong> fiesta nacional <\/strong>que conmemora el refer\u00e9ndum de 1946 que instituy\u00f3 la Rep\u00fablica italiana.<\/p>\n<p>Junto a Leonardo y Miguel \u00c1ngel, Rafael se convirti\u00f3 en el<strong> s\u00edmbolo del Renacimiento<\/strong>, y con la<strong> reapertura<\/strong> de la exposici\u00f3n se quiere dar al pa\u00eds y al mundo una <strong>se\u00f1al de esperanza <\/strong>en tiempos del <a href=\"https:\/\/www.abc.es\/sociedad\/abci-coronavirus-espana-directo-eeuu-supera-18-millones-casos-105003-muertos-202006020629_directo.html\" target=\"_blank\" rel=\"noopener\">coronavirus<\/a>, mostrando que Italia es un pa\u00eds seguro, cuyas fronteras abre este mi\u00e9rcoles a los pa\u00edses del \u00e1rea Schengen.<\/p>\n<p>La exposici\u00f3n titulada \u00abRafael 1520 \u2013 1483\u00bb, para conmemorar los 500 a\u00f1os de la muerte del artista, fue inaugurada el pasado 5 de marzo por el jefe del Estado, Sergio Mattarella. Se hab\u00eda previsto clausurarla el d\u00eda 2 de junio, pero la pandemia oblig\u00f3 a cerrar las Escuder\u00edas del Quirinal <strong>solo tres d\u00edas despu\u00e9s de su inauguraci\u00f3n<\/strong>.<\/p>\n<p>Ahora se <strong>prorroga hasta el 30 de agosto<\/strong>, con las <strong>120 obras maestras<\/strong> de Rafael Sanzio, <strong>adem\u00e1s de otras 80 pinturas <\/strong>de su c\u00edrculo. En estos casi tres meses transcurridos, los dibujos y bocetos han estado cubiertos con telas negras y solo se mantuvieron las luces de seguridad.<\/p>\n<p>&nbsp;<\/p>\n<p>Fuente:\u00a0\u00a0 ABC Cultura<\/p>\n","protected":false},"excerpt":{"rendered":"<p>Italia adora a Rafael, un s\u00edmbolo de su identidad y <a href=\"https:\/\/sertv.gob.pa\/crisolfm\/reabre-la-gran-exposicion-de-rafael-en-roma-simbolo-de-la-esperanza-en-italia\/\"> [&#8230;]<\/a><\/p>\n","protected":false},"author":64,"featured_media":28786,"comment_status":"closed","ping_status":"closed","sticky":false,"template":"","format":"standard","meta":{"footnotes":""},"categories":[6],"tags":[],"class_list":["post-28785","post","type-post","status-publish","format-standard","has-post-thumbnail","hentry","category-culturales"],"_links":{"self":[{"href":"https:\/\/sertv.gob.pa\/crisolfm\/wp-json\/wp\/v2\/posts\/28785","targetHints":{"allow":["GET"]}}],"collection":[{"href":"https:\/\/sertv.gob.pa\/crisolfm\/wp-json\/wp\/v2\/posts"}],"about":[{"href":"https:\/\/sertv.gob.pa\/crisolfm\/wp-json\/wp\/v2\/types\/post"}],"author":[{"embeddable":true,"href":"https:\/\/sertv.gob.pa\/crisolfm\/wp-json\/wp\/v2\/users\/64"}],"replies":[{"embeddable":true,"href":"https:\/\/sertv.gob.pa\/crisolfm\/wp-json\/wp\/v2\/comments?post=28785"}],"version-history":[{"count":1,"href":"https:\/\/sertv.gob.pa\/crisolfm\/wp-json\/wp\/v2\/posts\/28785\/revisions"}],"predecessor-version":[{"id":28787,"href":"https:\/\/sertv.gob.pa\/crisolfm\/wp-json\/wp\/v2\/posts\/28785\/revisions\/28787"}],"wp:featuredmedia":[{"embeddable":true,"href":"https:\/\/sertv.gob.pa\/crisolfm\/wp-json\/wp\/v2\/media\/28786"}],"wp:attachment":[{"href":"https:\/\/sertv.gob.pa\/crisolfm\/wp-json\/wp\/v2\/media?parent=28785"}],"wp:term":[{"taxonomy":"category","embeddable":true,"href":"https:\/\/sertv.gob.pa\/crisolfm\/wp-json\/wp\/v2\/categories?post=28785"},{"taxonomy":"post_tag","embeddable":true,"href":"https:\/\/sertv.gob.pa\/crisolfm\/wp-json\/wp\/v2\/tags?post=28785"}],"curies":[{"name":"wp","href":"https:\/\/api.w.org\/{rel}","templated":true}]}}