{"id":28797,"date":"2020-06-03T13:20:52","date_gmt":"2020-06-03T13:20:52","guid":{"rendered":"https:\/\/sertv.gob.pa\/crisolfm\/?p=28797"},"modified":"2020-06-03T13:20:52","modified_gmt":"2020-06-03T13:20:52","slug":"micultura-y-ciudad-del-saber-firman-convenio-marco-que-beneficia-a-emprendimientos-culturales-y-creativos","status":"publish","type":"post","link":"https:\/\/sertv.gob.pa\/crisolfm\/micultura-y-ciudad-del-saber-firman-convenio-marco-que-beneficia-a-emprendimientos-culturales-y-creativos\/","title":{"rendered":"MiCultura y Ciudad del Saber firman convenio marco que beneficia a emprendimientos culturales y creativos"},"content":{"rendered":"<p>El Ministerio de Cultura y la Fundaci\u00f3n Ciudad del Saber firmaron un Convenio marco de Cooperaci\u00f3n Cultural que beneficiar\u00e1 a los emprendimientos creativos y culturales del pa\u00eds con el desarrollo e implementaci\u00f3n de un Sistema de Informaci\u00f3n Cultural que facilite la toma de decisiones, as\u00ed como el apoyo en la formulaci\u00f3n y evaluaci\u00f3n de pol\u00edticas p\u00fablicas en temas culturales con la participaci\u00f3n de todos los sectores involucrados.<\/p>\n<p>Uno de los productos del convenio permitir\u00e1 la capacitaci\u00f3n de 1,200 emprendedores de industrias creativas con \u00e9nfasis en patrimonio cultural y cultura digital del Programa PN-L1146 Apoyo para la Conservaci\u00f3n y Gesti\u00f3n del Patrimonio Cultural y Natural, financiado por el Banco Interamericano de Desarrollo (BID) y que ser\u00e1 parte del proceso que dise\u00f1a el proyecto Crea en Panam\u00e1, lanzado recientemente junto con UNESCO y la Uni\u00f3n Europea.<\/p>\n<p>El objetivo de este convenio es facilitar la colaboraci\u00f3n entre el ministerio y la fundaci\u00f3n Ciudad del Saber con el prop\u00f3sito de trabajar conjuntamente en las \u00e1reas de Tecnolog\u00edas de la Informaci\u00f3n, Comunicaci\u00f3n, Industrias Culturales y Creativas, emprendimientos culturales, capacitaci\u00f3n, asesor\u00eda, consultor\u00eda y desarrollo de proyectos, para apoyar los planes institucionales que impulsen la creaci\u00f3n de pol\u00edticas p\u00fablicas en materia de cultura, la promoci\u00f3n de los derechos culturales y los procesos de desarrollo humano y local sostenible que constituyen parte del objeto de ambas instituciones.<\/p>\n<p>El ministro de cultura, Carlo Aguilar Navarro, explic\u00f3 que la cooperaci\u00f3n t\u00e9cnica, cient\u00edfica y cultural conlleva grandes ventajas para el desarrollo de las entidades, siendo la cultura una manifestaci\u00f3n intr\u00ednseca de cada ser humano que debe tenerse como una herramienta de crecimiento y enriquecimiento integral de la sociedad.<\/p>\n<p>\u201cCon la firma del convenio fortalecemos las relaciones formales de cooperaci\u00f3n, permitiendo el uso eficaz de recursos y establecen una infraestructura de colaboraci\u00f3n para alcanzar metas de crecimiento orientadas al beneficio nacional y al desarrollo del ser humano\u201d, destac\u00f3.<\/p>\n<p>Ambas entidades se comprometen a aunar esfuerzos a fin de que la contribuci\u00f3n y el intercambio de experiencias garanticen el logro de resultados \u00f3ptimos en materia cultural en el pa\u00eds, colaborando conjuntamente en acciones relativas a promover el desarrollo humano sostenible, para la cual aprovechar la infraestructura, conocimiento, capacidades y experiencias de cada una de las entidades firmantes del convenio.<\/p>\n<p>El convenio firmado resulta de suma importancia para fomentar los procesos de innovaci\u00f3n en las industrias culturales y creativas que puedan convertirse en una fuente generadora de empleo en nuevos sectores; impulsar la cooperaci\u00f3n internacional para el fortalecimiento del desarrollo cultural; facilitar espacios de encuentro, recursos y proyectos que promocionen y fortalezcan el emprendimiento de las industrias culturales y creativas y fomentar los derechos culturales de manera que permitan a los ciudadanos cumplir sus justas aspiraciones.<\/p>\n<p>La investigaci\u00f3n y desarrollo de procesos culturales, incluyendo las industrias culturales y creativas, as\u00ed como la producci\u00f3n, distribuci\u00f3n, difusi\u00f3n, preservaci\u00f3n de bienes y el patrimonio cultural paname\u00f1o es uno de los puntos relevantes enunciados en este acuerdo.<\/p>\n<p>Este convenio marco de cooperaci\u00f3n tendr\u00e1 vigencia por un t\u00e9rmino de 5 a\u00f1os, que podr\u00e1 prorrogarse por mutuo acuerdo escrito y rubricado por los representantes legales de cada una de las partes, previo refrendo de la Contralor\u00eda General de la Rep\u00fablica.<\/p>\n<p>&nbsp;<\/p>\n<p>Fuente:\u00a0 MiCultura<\/p>\n","protected":false},"excerpt":{"rendered":"<p>El Ministerio de Cultura y la Fundaci\u00f3n Ciudad del Saber <a href=\"https:\/\/sertv.gob.pa\/crisolfm\/micultura-y-ciudad-del-saber-firman-convenio-marco-que-beneficia-a-emprendimientos-culturales-y-creativos\/\"> [&#8230;]<\/a><\/p>\n","protected":false},"author":64,"featured_media":28798,"comment_status":"closed","ping_status":"closed","sticky":false,"template":"","format":"standard","meta":{"footnotes":""},"categories":[6],"tags":[],"class_list":["post-28797","post","type-post","status-publish","format-standard","has-post-thumbnail","hentry","category-culturales"],"_links":{"self":[{"href":"https:\/\/sertv.gob.pa\/crisolfm\/wp-json\/wp\/v2\/posts\/28797","targetHints":{"allow":["GET"]}}],"collection":[{"href":"https:\/\/sertv.gob.pa\/crisolfm\/wp-json\/wp\/v2\/posts"}],"about":[{"href":"https:\/\/sertv.gob.pa\/crisolfm\/wp-json\/wp\/v2\/types\/post"}],"author":[{"embeddable":true,"href":"https:\/\/sertv.gob.pa\/crisolfm\/wp-json\/wp\/v2\/users\/64"}],"replies":[{"embeddable":true,"href":"https:\/\/sertv.gob.pa\/crisolfm\/wp-json\/wp\/v2\/comments?post=28797"}],"version-history":[{"count":1,"href":"https:\/\/sertv.gob.pa\/crisolfm\/wp-json\/wp\/v2\/posts\/28797\/revisions"}],"predecessor-version":[{"id":28799,"href":"https:\/\/sertv.gob.pa\/crisolfm\/wp-json\/wp\/v2\/posts\/28797\/revisions\/28799"}],"wp:featuredmedia":[{"embeddable":true,"href":"https:\/\/sertv.gob.pa\/crisolfm\/wp-json\/wp\/v2\/media\/28798"}],"wp:attachment":[{"href":"https:\/\/sertv.gob.pa\/crisolfm\/wp-json\/wp\/v2\/media?parent=28797"}],"wp:term":[{"taxonomy":"category","embeddable":true,"href":"https:\/\/sertv.gob.pa\/crisolfm\/wp-json\/wp\/v2\/categories?post=28797"},{"taxonomy":"post_tag","embeddable":true,"href":"https:\/\/sertv.gob.pa\/crisolfm\/wp-json\/wp\/v2\/tags?post=28797"}],"curies":[{"name":"wp","href":"https:\/\/api.w.org\/{rel}","templated":true}]}}