{"id":28819,"date":"2020-06-03T16:46:41","date_gmt":"2020-06-03T16:46:41","guid":{"rendered":"https:\/\/sertv.gob.pa\/crisolfm\/?p=28819"},"modified":"2020-06-03T16:46:41","modified_gmt":"2020-06-03T16:46:41","slug":"europa-avisa-de-la-ola-de-incendios-forestales-este-verano","status":"publish","type":"post","link":"https:\/\/sertv.gob.pa\/crisolfm\/europa-avisa-de-la-ola-de-incendios-forestales-este-verano\/","title":{"rendered":"Europa avisa de la ola de incendios forestales este verano"},"content":{"rendered":"<p>La Comisi\u00f3n Europea ha asegurado este martes que el riesgo de incendios en Europa este verano se sit\u00faa por encima de la media, tanto en n\u00famero de focos como en superficie quemada.<\/p>\n<p>Seg\u00fan ha explicado el comisario de Gesti\u00f3n de Crisis, Janez Lenarcic, las proyecciones de las instituciones competentes en los estados miembros sit\u00faan el riesgo en \u00abelevado\u00bb. \u00abNo digo que sea m\u00e1s elevado que el a\u00f1o pasado que fue<strong> un verano r\u00e9cord en n\u00famero de incendios<\/strong> y superficie calcinada, pero se situar\u00e1 por encima del promedio de la \u00faltima d\u00e9cada\u00bb, ha argumentado.<\/p>\n<p>Lenarcic no ha querido especificar qu\u00e9 zonas calcula la Comisi\u00f3n que ser\u00e1n las m\u00e1s castigadas por el fuego este verano, aunque ha advertido que el riesgo no se circunscribe al sur de Europa sino a otras zonas del centro y el este del continente. \u00abHay incendios en lugares donde nunca lo hab\u00eda habido hasta ahora\u00bb, ha avisado.<\/p>\n<p>Este mensaje lo ha transmitido en una rueda de prensa en la que ha informado de la propuesta de Bruselas para dotar de mayores fondos al Mecanismo de Protecci\u00f3n Civil, que act\u00faa ante emergencias naturales, en el pr\u00f3ximo presupuesto comunitario. La idea del Ejecutivo europeo es que alcance una financiaci\u00f3n de 3.100 millones, con la intenci\u00f3n de crear reservas estrat\u00e9gicas de equipamiento para cubrir emergencias sanitarias, pero tambi\u00e9n para combatir <strong>los incendios forestales<\/strong> o episodios de desastres qu\u00edmicos, biol\u00f3gicos, radiol\u00f3gicos y nucleares.<\/p>\n<p>&nbsp;<\/p>\n<p>Fuente:\u00a0 ECOticias<\/p>\n<p>&nbsp;<\/p>\n<p>&nbsp;<\/p>\n","protected":false},"excerpt":{"rendered":"<p>La Comisi\u00f3n Europea ha asegurado este martes que el riesgo <a href=\"https:\/\/sertv.gob.pa\/crisolfm\/europa-avisa-de-la-ola-de-incendios-forestales-este-verano\/\"> [&#8230;]<\/a><\/p>\n","protected":false},"author":64,"featured_media":28820,"comment_status":"closed","ping_status":"closed","sticky":false,"template":"","format":"standard","meta":{"footnotes":""},"categories":[7],"tags":[],"class_list":["post-28819","post","type-post","status-publish","format-standard","has-post-thumbnail","hentry","category-ecologicas"],"_links":{"self":[{"href":"https:\/\/sertv.gob.pa\/crisolfm\/wp-json\/wp\/v2\/posts\/28819","targetHints":{"allow":["GET"]}}],"collection":[{"href":"https:\/\/sertv.gob.pa\/crisolfm\/wp-json\/wp\/v2\/posts"}],"about":[{"href":"https:\/\/sertv.gob.pa\/crisolfm\/wp-json\/wp\/v2\/types\/post"}],"author":[{"embeddable":true,"href":"https:\/\/sertv.gob.pa\/crisolfm\/wp-json\/wp\/v2\/users\/64"}],"replies":[{"embeddable":true,"href":"https:\/\/sertv.gob.pa\/crisolfm\/wp-json\/wp\/v2\/comments?post=28819"}],"version-history":[{"count":1,"href":"https:\/\/sertv.gob.pa\/crisolfm\/wp-json\/wp\/v2\/posts\/28819\/revisions"}],"predecessor-version":[{"id":28821,"href":"https:\/\/sertv.gob.pa\/crisolfm\/wp-json\/wp\/v2\/posts\/28819\/revisions\/28821"}],"wp:featuredmedia":[{"embeddable":true,"href":"https:\/\/sertv.gob.pa\/crisolfm\/wp-json\/wp\/v2\/media\/28820"}],"wp:attachment":[{"href":"https:\/\/sertv.gob.pa\/crisolfm\/wp-json\/wp\/v2\/media?parent=28819"}],"wp:term":[{"taxonomy":"category","embeddable":true,"href":"https:\/\/sertv.gob.pa\/crisolfm\/wp-json\/wp\/v2\/categories?post=28819"},{"taxonomy":"post_tag","embeddable":true,"href":"https:\/\/sertv.gob.pa\/crisolfm\/wp-json\/wp\/v2\/tags?post=28819"}],"curies":[{"name":"wp","href":"https:\/\/api.w.org\/{rel}","templated":true}]}}