{"id":28824,"date":"2020-06-03T16:59:34","date_gmt":"2020-06-03T16:59:34","guid":{"rendered":"https:\/\/sertv.gob.pa\/crisolfm\/?p=28824"},"modified":"2020-06-03T16:59:34","modified_gmt":"2020-06-03T16:59:34","slug":"presentan-iniciativa-reduce-tu-huella-para-guiar-la-recuperacion-sostenible-a-nivel-corporativo","status":"publish","type":"post","link":"https:\/\/sertv.gob.pa\/crisolfm\/presentan-iniciativa-reduce-tu-huella-para-guiar-la-recuperacion-sostenible-a-nivel-corporativo\/","title":{"rendered":"Presentan iniciativa \u201cReduce tu Huella\u201d para guiar la recuperaci\u00f3n sostenible a nivel corporativo"},"content":{"rendered":"<p>El Ministerio de Ambiente, consciente de la dif\u00edcil situaci\u00f3n producto de la pandemia COVID 19 y la oportunidad que presenta el proceso de recuperaci\u00f3n econ\u00f3mica para desarrollo sostenible, presenta la iniciativa <em>Reduce Tu Huella.<\/em><\/p>\n<p><em>Reduce tu Huella<\/em>, tiene como fin la gesti\u00f3n de huella de carbono corporativa de organizaciones p\u00fablicas y privadas. La iniciativa fue desarrollada conjuntamente con el Centro Regional para Am\u00e9rica Latina y el Caribe de ONU Cambio Clim\u00e1tico y el Banco Latinoamericano de Desarrollo (CAF). Con el prop\u00f3sito de presentar esta iniciativa, se llevar\u00e1n a cabo una serie de talleres virtuales dirigidos al sector privado, sector p\u00fablico y la Sociedad Civil. El primer taller se realiza este mi\u00e9rcoles 3 de junio de 20202 y dirigido a organizaciones privadas.<\/p>\n<p>La Doctora Ligia Castro, Directora Nacional de Cambio Clim\u00e1tico, destac\u00f3 que la iniciativa permite guiar la recuperaci\u00f3n econ\u00f3mica sostenible a nivel corporativo contribuyendo a procesos m\u00e1s eficientes que les permiten disminuir costos.<\/p>\n<p>\u201cCon esta iniciativa, se pretende encaminar a las organizaciones para que puedan establecer compromisos voluntarios y resultados tangibles para la transici\u00f3n hacia la neutralidad de carbono, acelerando as\u00ed, la transici\u00f3n hacia una econom\u00eda sostenible, inclusiva, baja en emisiones y resiliente al cambio clim\u00e1tico\u201d, a\u00f1adi\u00f3.<\/p>\n<p>El Director del programa de Mitigaci\u00f3n de ONU Cambio Clim\u00e1tico destac\u00f3 la colaboraci\u00f3n entre MiAmbiente y el RCC Panam\u00e1 para que bajo el proyecto de CIACA, se haya podido desarrollar el Est\u00e1ndar y la iniciativa de Mide tu Huella, recordando que muchos pa\u00edses y entidades se est\u00e1n comprometiendo a implementar paquetes de recuperaci\u00f3n econ\u00f3mica basados un modelo de desarrollo m\u00e1s sostenible alineado a las metas del Acuerdo de Par\u00eds.<\/p>\n<p>Carlos Garvia, Director del Centro Regional de ONU Cambio Clim\u00e1tico, indic\u00f3 que \u201clos talleres se estar\u00e1n realizando de forma progresiva, primero con el sector privado y posteriormente con la Sociedad Civil y el sector p\u00fablico. Cada encuentro contar\u00e1 con expositores del Ministerio y colaboradores del Centro Regional de ONU Cambio Clim\u00e1tico.\u201d<\/p>\n<p>El Ministro de Ambiente, Milciades Concepci\u00f3n, destac\u00f3 que <em>\u201cReduce Tu Huella<\/em>\u201d, est\u00e1 acompa\u00f1ada de una gu\u00eda y una herramienta de c\u00e1lculo que le permitir\u00e1 a las organizaciones medir sus emisiones de gases de efecto invernadero, reportarlas, verificarlas y posteriormente tomar acciones para reducirlas y neutralizarlas\u201d. El ministro a\u00f1adi\u00f3 que en julio se abrir\u00e1 el registro para que las organizaciones puedan ser parte de la iniciativa. Asimismo, se contar\u00e1 con un programa de pasant\u00edas con estudiantes de universidades estatales a nivel nacional para proveer asistencia a las organizaciones participantes en los procesos de cuantificaci\u00f3n y registro y as\u00ed limitar los costos operativos de la implementaci\u00f3n de la iniciativa a nivel institucional.<\/p>\n<p>&nbsp;<\/p>\n<p>Fuente:\u00a0 MiAmbiente<\/p>\n","protected":false},"excerpt":{"rendered":"<p>El Ministerio de Ambiente, consciente de la dif\u00edcil situaci\u00f3n producto <a href=\"https:\/\/sertv.gob.pa\/crisolfm\/presentan-iniciativa-reduce-tu-huella-para-guiar-la-recuperacion-sostenible-a-nivel-corporativo\/\"> [&#8230;]<\/a><\/p>\n","protected":false},"author":64,"featured_media":28825,"comment_status":"closed","ping_status":"closed","sticky":false,"template":"","format":"standard","meta":{"footnotes":""},"categories":[7],"tags":[],"class_list":["post-28824","post","type-post","status-publish","format-standard","has-post-thumbnail","hentry","category-ecologicas"],"_links":{"self":[{"href":"https:\/\/sertv.gob.pa\/crisolfm\/wp-json\/wp\/v2\/posts\/28824","targetHints":{"allow":["GET"]}}],"collection":[{"href":"https:\/\/sertv.gob.pa\/crisolfm\/wp-json\/wp\/v2\/posts"}],"about":[{"href":"https:\/\/sertv.gob.pa\/crisolfm\/wp-json\/wp\/v2\/types\/post"}],"author":[{"embeddable":true,"href":"https:\/\/sertv.gob.pa\/crisolfm\/wp-json\/wp\/v2\/users\/64"}],"replies":[{"embeddable":true,"href":"https:\/\/sertv.gob.pa\/crisolfm\/wp-json\/wp\/v2\/comments?post=28824"}],"version-history":[{"count":1,"href":"https:\/\/sertv.gob.pa\/crisolfm\/wp-json\/wp\/v2\/posts\/28824\/revisions"}],"predecessor-version":[{"id":28826,"href":"https:\/\/sertv.gob.pa\/crisolfm\/wp-json\/wp\/v2\/posts\/28824\/revisions\/28826"}],"wp:featuredmedia":[{"embeddable":true,"href":"https:\/\/sertv.gob.pa\/crisolfm\/wp-json\/wp\/v2\/media\/28825"}],"wp:attachment":[{"href":"https:\/\/sertv.gob.pa\/crisolfm\/wp-json\/wp\/v2\/media?parent=28824"}],"wp:term":[{"taxonomy":"category","embeddable":true,"href":"https:\/\/sertv.gob.pa\/crisolfm\/wp-json\/wp\/v2\/categories?post=28824"},{"taxonomy":"post_tag","embeddable":true,"href":"https:\/\/sertv.gob.pa\/crisolfm\/wp-json\/wp\/v2\/tags?post=28824"}],"curies":[{"name":"wp","href":"https:\/\/api.w.org\/{rel}","templated":true}]}}