{"id":28830,"date":"2020-06-03T18:48:19","date_gmt":"2020-06-03T18:48:19","guid":{"rendered":"https:\/\/sertv.gob.pa\/crisolfm\/?p=28830"},"modified":"2020-06-03T18:48:19","modified_gmt":"2020-06-03T18:48:19","slug":"la-casa-donde-nacio-hitler-sera-una-comisaria-de-policia-sin-referencias-al-nazismo","status":"publish","type":"post","link":"https:\/\/sertv.gob.pa\/crisolfm\/la-casa-donde-nacio-hitler-sera-una-comisaria-de-policia-sin-referencias-al-nazismo\/","title":{"rendered":"La casa donde naci\u00f3 Hitler ser\u00e1 una comisar\u00eda de Polic\u00eda sin referencias al nazismo"},"content":{"rendered":"<p>El proyecto elegido por el Gobierno austr\u00edaco para remodelar la casa donde naci\u00f3 <a href=\"https:\/\/www.abc.es\/historia\/personajes\/adolf-hitler\/\" target=\"_blank\" rel=\"noopener\">Adolf Hitler<\/a> (1889-1945) y transformarla en una comisar\u00eda eliminar\u00e1 cualquier referencia a los <strong>cr\u00edmenes del nazismo<\/strong>, para evitar que el edificio sea un lugar de peregrinaci\u00f3n de seguidores de esa ideolog\u00eda.<\/p>\n<p>\u00abLa simplicidad de este proyecto nos ha convencido\u00bb, explic\u00f3 Robert Wimmer, presidente del jurado que ha elegido el futuro dise\u00f1o entre doce propuestas. La <strong>remodelaci\u00f3n de la casa<\/strong>, situada en el centro de la ciudad de <strong>Braunau am Inn<\/strong>, cerca de la frontera entre Austria y Alemania, estar\u00e1 lista previsiblemente para <strong>finales de 2022<\/strong>. Los <strong>arquitectos encargados<\/strong> son los hermanos austr\u00edacos <strong>Stefan y Bernhard Marte<\/strong>, que desarrollar\u00e1n con su estudio \u00abMarte.Marte\u00bb un proyecto que costar\u00e1 al Estado unos <strong>5 millones de euros<\/strong>.<\/p>\n<p>El Estado austr\u00edaco lleva d\u00e9cadas intentado impedir -no siempre con \u00e9xito- que el edificio se convierta en un santuario para <strong>nost\u00e1lgicos del nazismo y neonazis<\/strong>. Por eso, el pasado noviembre el Gobierno interino, formado entonces por expertos sin afiliaci\u00f3n pol\u00edtica, decidi\u00f3 instalar all\u00ed una comisar\u00eda de Polic\u00eda, con el objetivo expl\u00edcito de <strong>quitar a la casa cualquier rastro del nazismo<\/strong>. Wimmer record\u00f3 que, tras la anexi\u00f3n de Austria por el <strong>Tercer Reich<\/strong> en 1938, el edificio fue adquirido para el partido nazi NSDAP y renovado \u00abcon tintes marciales para expresar m\u00e1s poder\u00bb.<\/p>\n<p>El proyecto ganador mantiene la estructura original del lugar, pero con \u00abuna apariencia muy reducida, neutralizada\u00bb. De esta forma, se pretende romper la imagen que dieron los nazis a este lugar, explic\u00f3 el presidente del jurado. Para <strong>eliminar cualquier recuerdo ideol\u00f3gico<\/strong>, se decidi\u00f3 adem\u00e1s trasladar a un museo en Viena una piedra procedente del antiguo <strong>campo de exterminio de Mauthausen<\/strong> que recuerda a las <strong>v\u00edctimas del nazismo<\/strong>.<\/p>\n<p>&nbsp;<\/p>\n<p>Fuente:\u00a0 ABC Cultura<\/p>\n","protected":false},"excerpt":{"rendered":"<p>El proyecto elegido por el Gobierno austr\u00edaco para remodelar la <a href=\"https:\/\/sertv.gob.pa\/crisolfm\/la-casa-donde-nacio-hitler-sera-una-comisaria-de-policia-sin-referencias-al-nazismo\/\"> [&#8230;]<\/a><\/p>\n","protected":false},"author":64,"featured_media":28831,"comment_status":"closed","ping_status":"closed","sticky":false,"template":"","format":"standard","meta":{"footnotes":""},"categories":[6],"tags":[],"class_list":["post-28830","post","type-post","status-publish","format-standard","has-post-thumbnail","hentry","category-culturales"],"_links":{"self":[{"href":"https:\/\/sertv.gob.pa\/crisolfm\/wp-json\/wp\/v2\/posts\/28830","targetHints":{"allow":["GET"]}}],"collection":[{"href":"https:\/\/sertv.gob.pa\/crisolfm\/wp-json\/wp\/v2\/posts"}],"about":[{"href":"https:\/\/sertv.gob.pa\/crisolfm\/wp-json\/wp\/v2\/types\/post"}],"author":[{"embeddable":true,"href":"https:\/\/sertv.gob.pa\/crisolfm\/wp-json\/wp\/v2\/users\/64"}],"replies":[{"embeddable":true,"href":"https:\/\/sertv.gob.pa\/crisolfm\/wp-json\/wp\/v2\/comments?post=28830"}],"version-history":[{"count":1,"href":"https:\/\/sertv.gob.pa\/crisolfm\/wp-json\/wp\/v2\/posts\/28830\/revisions"}],"predecessor-version":[{"id":28832,"href":"https:\/\/sertv.gob.pa\/crisolfm\/wp-json\/wp\/v2\/posts\/28830\/revisions\/28832"}],"wp:featuredmedia":[{"embeddable":true,"href":"https:\/\/sertv.gob.pa\/crisolfm\/wp-json\/wp\/v2\/media\/28831"}],"wp:attachment":[{"href":"https:\/\/sertv.gob.pa\/crisolfm\/wp-json\/wp\/v2\/media?parent=28830"}],"wp:term":[{"taxonomy":"category","embeddable":true,"href":"https:\/\/sertv.gob.pa\/crisolfm\/wp-json\/wp\/v2\/categories?post=28830"},{"taxonomy":"post_tag","embeddable":true,"href":"https:\/\/sertv.gob.pa\/crisolfm\/wp-json\/wp\/v2\/tags?post=28830"}],"curies":[{"name":"wp","href":"https:\/\/api.w.org\/{rel}","templated":true}]}}