{"id":28849,"date":"2020-06-04T14:28:28","date_gmt":"2020-06-04T14:28:28","guid":{"rendered":"https:\/\/sertv.gob.pa\/crisolfm\/?p=28849"},"modified":"2020-06-04T14:28:28","modified_gmt":"2020-06-04T14:28:28","slug":"francia-cancela-su-tradicional-desfile-militar-del-14-de-julio-por-el-coronavirus","status":"publish","type":"post","link":"https:\/\/sertv.gob.pa\/crisolfm\/francia-cancela-su-tradicional-desfile-militar-del-14-de-julio-por-el-coronavirus\/","title":{"rendered":"Francia cancela su tradicional desfile militar del 14 de julio por el coronavirus"},"content":{"rendered":"<p>Debido a la pandemia de coronavirus, Francia cancelar\u00e1 este a\u00f1o su tradicional desfile militar del 14 de julio y lo remplazar\u00e1 por una ceremonia en la que se rendir\u00e1, entre otros, homenaje al personal m\u00e9dico, anunci\u00f3 la presidencia este jueves.<\/p>\n<p>Este a\u00f1o, la fiesta nacional, que se celebra normalmente en la avenida de los Campos El\u00edseos, tendr\u00e1 lugar en la plaza de la Concordia, un lugar mucho m\u00e1s peque\u00f1o, con 2.000 participantes y alrededor de 2.500 invitados, que deber\u00e1n respetar las reglas de distanciamiento f\u00edsico.<\/p>\n<p>La ceremonia, que incluir\u00e1 un desfile a\u00e9reo, rendir\u00e1 homenaje al ej\u00e9rcito, al personal de salud y a todas las personas movilizadas en la lucha contra el virus, se\u00f1al\u00f3 el Palacio del El\u00edseo.<\/p>\n<p>La fiesta nacional francesa, que conmemora la toma de la Bastilla del 14 de julio de 1789, re\u00fane cada a\u00f1o a cientos de miles de espectadores en los Campos El\u00edseos para un desfile que destaca a regimientos militares franceses.<\/p>\n<p>&nbsp;<\/p>\n<p>Fuente:\u00a0 AFP<\/p>\n","protected":false},"excerpt":{"rendered":"<p>Debido a la pandemia de coronavirus, Francia cancelar\u00e1 este a\u00f1o <a href=\"https:\/\/sertv.gob.pa\/crisolfm\/francia-cancela-su-tradicional-desfile-militar-del-14-de-julio-por-el-coronavirus\/\"> [&#8230;]<\/a><\/p>\n","protected":false},"author":64,"featured_media":28850,"comment_status":"closed","ping_status":"closed","sticky":false,"template":"","format":"standard","meta":{"footnotes":""},"categories":[6],"tags":[],"class_list":["post-28849","post","type-post","status-publish","format-standard","has-post-thumbnail","hentry","category-culturales"],"_links":{"self":[{"href":"https:\/\/sertv.gob.pa\/crisolfm\/wp-json\/wp\/v2\/posts\/28849","targetHints":{"allow":["GET"]}}],"collection":[{"href":"https:\/\/sertv.gob.pa\/crisolfm\/wp-json\/wp\/v2\/posts"}],"about":[{"href":"https:\/\/sertv.gob.pa\/crisolfm\/wp-json\/wp\/v2\/types\/post"}],"author":[{"embeddable":true,"href":"https:\/\/sertv.gob.pa\/crisolfm\/wp-json\/wp\/v2\/users\/64"}],"replies":[{"embeddable":true,"href":"https:\/\/sertv.gob.pa\/crisolfm\/wp-json\/wp\/v2\/comments?post=28849"}],"version-history":[{"count":1,"href":"https:\/\/sertv.gob.pa\/crisolfm\/wp-json\/wp\/v2\/posts\/28849\/revisions"}],"predecessor-version":[{"id":28851,"href":"https:\/\/sertv.gob.pa\/crisolfm\/wp-json\/wp\/v2\/posts\/28849\/revisions\/28851"}],"wp:featuredmedia":[{"embeddable":true,"href":"https:\/\/sertv.gob.pa\/crisolfm\/wp-json\/wp\/v2\/media\/28850"}],"wp:attachment":[{"href":"https:\/\/sertv.gob.pa\/crisolfm\/wp-json\/wp\/v2\/media?parent=28849"}],"wp:term":[{"taxonomy":"category","embeddable":true,"href":"https:\/\/sertv.gob.pa\/crisolfm\/wp-json\/wp\/v2\/categories?post=28849"},{"taxonomy":"post_tag","embeddable":true,"href":"https:\/\/sertv.gob.pa\/crisolfm\/wp-json\/wp\/v2\/tags?post=28849"}],"curies":[{"name":"wp","href":"https:\/\/api.w.org\/{rel}","templated":true}]}}