{"id":28864,"date":"2020-06-04T16:43:52","date_gmt":"2020-06-04T16:43:52","guid":{"rendered":"https:\/\/sertv.gob.pa\/crisolfm\/?p=28864"},"modified":"2020-06-04T16:43:52","modified_gmt":"2020-06-04T16:43:52","slug":"la-mejor-vacuna-para-nuestro-futuro-proteger-el-ambiente","status":"publish","type":"post","link":"https:\/\/sertv.gob.pa\/crisolfm\/la-mejor-vacuna-para-nuestro-futuro-proteger-el-ambiente\/","title":{"rendered":"La mejor vacuna para nuestro futuro:  Proteger el ambiente"},"content":{"rendered":"<p>El estado de confinamiento que hemos vivido y\u00a0la paralizaci\u00f3n de las actividades luego de esta pandemia<strong>, <\/strong>nos hacen valorar cada d\u00eda lo que estamos haciendo por proteger nuestro entorno, y en esa v\u00eda el Ministerio de Ambiente\u00a0&#8211;\u00a0 Regional\u00a0Los Santos, celebra el D\u00eda\u00a0Mundial del Medio Ambiente\u00a0con el inicio de las reforestaciones en las cuencas hidrogr\u00e1ficas de la provincia\u00a0para as\u00ed fortalecer e enriquecer nuestros suelos.<\/p>\n<p>Un total de 11, 242 plantones de especies nativas entre forestales y frutales ser\u00e1n llevadas a campo para dar paso al Fortalecimiento de la Alianza por el Mill\u00f3n de Hect\u00e1reas en los distritos de Las Tablas, Pocr\u00ed,\u00a0Guarar\u00e9, Macaracas, donde convergen nuestros m\u00e1s preciados recursos h\u00eddricos que forman parte de los\u00a0ecosistemas que debemos proteger, incrementando as\u00ed la capacidad de la biodiversidad\u00a0biol\u00f3gica de las\u00a0diferentes especies en esta zona.<\/p>\n<p>Funcionarios de las Agencias de Guarar\u00e9 y Macaracas llevaron a cabo la ardua labor del levantamiento de estos plantones que dar\u00e1n vida a estas fuentes h\u00eddricas que a\u00f1os atr\u00e1s por\u00a0 las inclemencias del cambio clim\u00e1tico y un verano extenso deterioraron parte de la \u00a0zona boscosa, \u00a0la cual ser\u00e1n reforestadas con algunas\u00a0 especies \u00a0como, \u00a0caimito, algarrobo, chirimolla , caoba nacional, guayac\u00e1n, cabimo, tamarindo, cocobolo, guan\u00e1bana, achiote, mara\u00f1\u00f3n curazao, entre otras que aportaran gran cantidad de nutrientes al suelo y retenci\u00f3n de carbono.<\/p>\n<p>Es propicio mediante estas acciones invitar a la poblaci\u00f3n \u00a0a la reflexi\u00f3n para crear conciencia y promover un cambio de mentalidad a ra\u00edz del momento que vivimos, que \u00a0nos da la oportunidad de hacer las cosas mejor, potenciando los beneficios de los recursos de los ecosistemas y aumentar la planificaci\u00f3n participativa y el desarrollo de capacidades para hacer frente a este reto de manera conjunta, la p\u00e9rdida de diversidad biol\u00f3gica,\u00a0 nos llama a disminuir las presiones sobre el medio ambiente promoviendo el uso sostenible de los recursos naturales.<\/p>\n<p>Mientras tanto, el Ministerio de Ambiente anteponiendo que\u00a0la conservaci\u00f3n del ambiente\u00a0ocupa un destacado lugar en la inquietud de la sociedad actual, buscamos\u00a0el empoderamiento de la sociedad civil en las acciones a seguir por rescatar, conservar y preservar nuestro ambiente adoptando h\u00e1bitos diarios sostenibles mediante el manejo de nuevas t\u00e9cnicas\u00a0para el\u00a0manejo de nuestra riqueza natural.<\/p>\n<p>&nbsp;<\/p>\n<p>Fuente:\u00a0 MiAmbiente<\/p>\n","protected":false},"excerpt":{"rendered":"<p>El estado de confinamiento que hemos vivido y\u00a0la paralizaci\u00f3n de <a href=\"https:\/\/sertv.gob.pa\/crisolfm\/la-mejor-vacuna-para-nuestro-futuro-proteger-el-ambiente\/\"> [&#8230;]<\/a><\/p>\n","protected":false},"author":64,"featured_media":28865,"comment_status":"closed","ping_status":"closed","sticky":false,"template":"","format":"standard","meta":{"footnotes":""},"categories":[7],"tags":[],"class_list":["post-28864","post","type-post","status-publish","format-standard","has-post-thumbnail","hentry","category-ecologicas"],"_links":{"self":[{"href":"https:\/\/sertv.gob.pa\/crisolfm\/wp-json\/wp\/v2\/posts\/28864","targetHints":{"allow":["GET"]}}],"collection":[{"href":"https:\/\/sertv.gob.pa\/crisolfm\/wp-json\/wp\/v2\/posts"}],"about":[{"href":"https:\/\/sertv.gob.pa\/crisolfm\/wp-json\/wp\/v2\/types\/post"}],"author":[{"embeddable":true,"href":"https:\/\/sertv.gob.pa\/crisolfm\/wp-json\/wp\/v2\/users\/64"}],"replies":[{"embeddable":true,"href":"https:\/\/sertv.gob.pa\/crisolfm\/wp-json\/wp\/v2\/comments?post=28864"}],"version-history":[{"count":1,"href":"https:\/\/sertv.gob.pa\/crisolfm\/wp-json\/wp\/v2\/posts\/28864\/revisions"}],"predecessor-version":[{"id":28866,"href":"https:\/\/sertv.gob.pa\/crisolfm\/wp-json\/wp\/v2\/posts\/28864\/revisions\/28866"}],"wp:featuredmedia":[{"embeddable":true,"href":"https:\/\/sertv.gob.pa\/crisolfm\/wp-json\/wp\/v2\/media\/28865"}],"wp:attachment":[{"href":"https:\/\/sertv.gob.pa\/crisolfm\/wp-json\/wp\/v2\/media?parent=28864"}],"wp:term":[{"taxonomy":"category","embeddable":true,"href":"https:\/\/sertv.gob.pa\/crisolfm\/wp-json\/wp\/v2\/categories?post=28864"},{"taxonomy":"post_tag","embeddable":true,"href":"https:\/\/sertv.gob.pa\/crisolfm\/wp-json\/wp\/v2\/tags?post=28864"}],"curies":[{"name":"wp","href":"https:\/\/api.w.org\/{rel}","templated":true}]}}