{"id":28881,"date":"2020-06-05T13:18:02","date_gmt":"2020-06-05T13:18:02","guid":{"rendered":"https:\/\/sertv.gob.pa\/crisolfm\/?p=28881"},"modified":"2020-06-05T13:18:02","modified_gmt":"2020-06-05T13:18:02","slug":"10-mil-mascarillas-son-confeccionadas-por-artesanos-para-la-cerveceria-nacional","status":"publish","type":"post","link":"https:\/\/sertv.gob.pa\/crisolfm\/10-mil-mascarillas-son-confeccionadas-por-artesanos-para-la-cerveceria-nacional\/","title":{"rendered":"10 mil mascarillas son confeccionadas por artesanos para la Cervecer\u00eda Nacional"},"content":{"rendered":"<p>Una serie de coloridas mascarillas cubre bocas reutilizables y seguras fueron fabricadas por m\u00e1s de 900 artesanos registrados en el Ministerio de Cultura, como parte de una iniciativa de la Cervecer\u00eda Nacional para apoyar a sus distribuidores, clientes y proveedores en la lucha contra el Covid-19.<\/p>\n<p>El Ministro de Cultura, Carlos Aguilar Navarro, junto con el Director Nacional de Artesan\u00edas, Jaime Luna, recibieron a directivos de la empresa, en compa\u00f1\u00eda de representantes del movimiento artesanal para formalizar la entrega de las primeras 10 mil mascarillas #HechasConBuenaVibra.<\/p>\n<p>Aguilar Navarro resalt\u00f3 la importancia de este proyecto que apoya econ\u00f3micamente a los artesanos paname\u00f1os y protege la salud de las personas que se mantienen laborando unidos en estos tiempos de pandemia.<\/p>\n<p>Por su parte, el Director de Artesan\u00edas de MiCultura expres\u00f3 que las artesanas y artesanos paname\u00f1os est\u00e1n colaborando de forma organizada y con mucho entusiasmo para aumentar la producci\u00f3n de mascarillas que cuenten con filtros y materiales de primera l\u00ednea, siguiendo las disposiciones de las autoridades de salud.<\/p>\n<p>&nbsp;<\/p>\n<p>Fuente:\u00a0 MiCultura<\/p>\n","protected":false},"excerpt":{"rendered":"<p>Una serie de coloridas mascarillas cubre bocas reutilizables y seguras <a href=\"https:\/\/sertv.gob.pa\/crisolfm\/10-mil-mascarillas-son-confeccionadas-por-artesanos-para-la-cerveceria-nacional\/\"> [&#8230;]<\/a><\/p>\n","protected":false},"author":64,"featured_media":28882,"comment_status":"closed","ping_status":"closed","sticky":false,"template":"","format":"standard","meta":{"footnotes":""},"categories":[6],"tags":[],"class_list":["post-28881","post","type-post","status-publish","format-standard","has-post-thumbnail","hentry","category-culturales"],"_links":{"self":[{"href":"https:\/\/sertv.gob.pa\/crisolfm\/wp-json\/wp\/v2\/posts\/28881","targetHints":{"allow":["GET"]}}],"collection":[{"href":"https:\/\/sertv.gob.pa\/crisolfm\/wp-json\/wp\/v2\/posts"}],"about":[{"href":"https:\/\/sertv.gob.pa\/crisolfm\/wp-json\/wp\/v2\/types\/post"}],"author":[{"embeddable":true,"href":"https:\/\/sertv.gob.pa\/crisolfm\/wp-json\/wp\/v2\/users\/64"}],"replies":[{"embeddable":true,"href":"https:\/\/sertv.gob.pa\/crisolfm\/wp-json\/wp\/v2\/comments?post=28881"}],"version-history":[{"count":1,"href":"https:\/\/sertv.gob.pa\/crisolfm\/wp-json\/wp\/v2\/posts\/28881\/revisions"}],"predecessor-version":[{"id":28883,"href":"https:\/\/sertv.gob.pa\/crisolfm\/wp-json\/wp\/v2\/posts\/28881\/revisions\/28883"}],"wp:featuredmedia":[{"embeddable":true,"href":"https:\/\/sertv.gob.pa\/crisolfm\/wp-json\/wp\/v2\/media\/28882"}],"wp:attachment":[{"href":"https:\/\/sertv.gob.pa\/crisolfm\/wp-json\/wp\/v2\/media?parent=28881"}],"wp:term":[{"taxonomy":"category","embeddable":true,"href":"https:\/\/sertv.gob.pa\/crisolfm\/wp-json\/wp\/v2\/categories?post=28881"},{"taxonomy":"post_tag","embeddable":true,"href":"https:\/\/sertv.gob.pa\/crisolfm\/wp-json\/wp\/v2\/tags?post=28881"}],"curies":[{"name":"wp","href":"https:\/\/api.w.org\/{rel}","templated":true}]}}