{"id":28884,"date":"2020-06-05T13:47:34","date_gmt":"2020-06-05T13:47:34","guid":{"rendered":"https:\/\/sertv.gob.pa\/crisolfm\/?p=28884"},"modified":"2020-06-05T13:47:34","modified_gmt":"2020-06-05T13:47:34","slug":"hoy-se-celebra-el-dia-mundial-del-medio-ambiente","status":"publish","type":"post","link":"https:\/\/sertv.gob.pa\/crisolfm\/hoy-se-celebra-el-dia-mundial-del-medio-ambiente\/","title":{"rendered":"Hoy se celebra el D\u00eda Mundial del Medio Ambiente"},"content":{"rendered":"<p>Hoy 5 de junio en el\u00a0<a href=\"https:\/\/www.worldenvironmentday.global\/es\" target=\"_blank\" rel=\"noopener\">D\u00eda Mundial del Medio Ambiente 2020<\/a>, ciudadanos, empresas, organizaciones y gobiernos alrededor del mundo celebrar\u00e1n a trav\u00e9s de plataformas digitales el rol de la biodiversidad para mantener la salud de las personas y el planeta.<\/p>\n<p>Celebrado desde 1974, el D\u00eda Mundial del Medio Ambiente es el mayor evento anual de las Naciones Unidas en favor de la acci\u00f3n ambiental.<\/p>\n<p>Con el eslogan\u00a0<em>La Hora de la Naturaleza<\/em>, el D\u00eda Mundial ser\u00e1 la oportunidad para llamar a los l\u00edderes mundiales a poner el cuidado de la naturaleza en el centro de los planes de recuperaci\u00f3n pos-COVID-19. Este a\u00f1o,\u00a0<a href=\"https:\/\/www.worldenvironmentday.global\/es\/sobre-el-dia\/colombia\" target=\"_blank\" rel=\"noopener\">Colombia<\/a>\u00a0ser\u00e1 el anfitri\u00f3n global de la celebraci\u00f3n, con el apoyo de Alemania.<\/p>\n<p>La crisis sanitaria mundial de la COVID-19 ha evidenciado que cuando destruimos la biodiversidad, destruimos el sistema que sustenta la salud y la vida humanas. Al alterar el delicado equilibrio de la naturaleza, hemos creado condiciones para la mayor propagaci\u00f3n de pat\u00f3genos, incluidos los coronavirus.<\/p>\n<p>El Programa de las Naciones Unidas para el Medio Ambiente (PNUMA) se solidariza con los miles de millones de personas en todo el mundo que padecen el impacto de la pandemia de la COVID-19, de modo especial en los pa\u00edses de Am\u00e9rica Latina y el Caribe m\u00e1s golpeados por la enfermedad. La prioridad inmediata en este momento es proteger a las personas limitando la propagaci\u00f3n del virus.<\/p>\n<p>A medida que los gobiernos aprueben paquetes de est\u00edmulo para apoyar la creaci\u00f3n de empleo, la reducci\u00f3n de la pobreza, el desarrollo y crecimiento econ\u00f3mico, ser\u00e1 clave \u201creconstruir mejor\u201d, avanzando en inversiones verdes, como la energ\u00eda renovable, la vivienda inteligente, el transporte p\u00fablico sostenible, entre otros, todo guiado por los principios y est\u00e1ndares de producci\u00f3n y consumo sostenibles.<\/p>\n<p>El PNUMA llama a personas de todos los sectores a unirse a la campa\u00f1a del D\u00eda Mundial con la etiqueta\u00a0<strong>#PorLaNaturaleza<\/strong>\u00a0a trav\u00e9s de conversaciones en las redes sociales y eventos virtuales.<\/p>\n<p>&nbsp;<\/p>\n<p>Fuente:\u00a0 MiAmbiente<\/p>\n","protected":false},"excerpt":{"rendered":"<p>Hoy 5 de junio en el\u00a0D\u00eda Mundial del Medio Ambiente <a href=\"https:\/\/sertv.gob.pa\/crisolfm\/hoy-se-celebra-el-dia-mundial-del-medio-ambiente\/\"> [&#8230;]<\/a><\/p>\n","protected":false},"author":64,"featured_media":28885,"comment_status":"closed","ping_status":"closed","sticky":false,"template":"","format":"standard","meta":{"footnotes":""},"categories":[7],"tags":[],"class_list":["post-28884","post","type-post","status-publish","format-standard","has-post-thumbnail","hentry","category-ecologicas"],"_links":{"self":[{"href":"https:\/\/sertv.gob.pa\/crisolfm\/wp-json\/wp\/v2\/posts\/28884","targetHints":{"allow":["GET"]}}],"collection":[{"href":"https:\/\/sertv.gob.pa\/crisolfm\/wp-json\/wp\/v2\/posts"}],"about":[{"href":"https:\/\/sertv.gob.pa\/crisolfm\/wp-json\/wp\/v2\/types\/post"}],"author":[{"embeddable":true,"href":"https:\/\/sertv.gob.pa\/crisolfm\/wp-json\/wp\/v2\/users\/64"}],"replies":[{"embeddable":true,"href":"https:\/\/sertv.gob.pa\/crisolfm\/wp-json\/wp\/v2\/comments?post=28884"}],"version-history":[{"count":1,"href":"https:\/\/sertv.gob.pa\/crisolfm\/wp-json\/wp\/v2\/posts\/28884\/revisions"}],"predecessor-version":[{"id":28886,"href":"https:\/\/sertv.gob.pa\/crisolfm\/wp-json\/wp\/v2\/posts\/28884\/revisions\/28886"}],"wp:featuredmedia":[{"embeddable":true,"href":"https:\/\/sertv.gob.pa\/crisolfm\/wp-json\/wp\/v2\/media\/28885"}],"wp:attachment":[{"href":"https:\/\/sertv.gob.pa\/crisolfm\/wp-json\/wp\/v2\/media?parent=28884"}],"wp:term":[{"taxonomy":"category","embeddable":true,"href":"https:\/\/sertv.gob.pa\/crisolfm\/wp-json\/wp\/v2\/categories?post=28884"},{"taxonomy":"post_tag","embeddable":true,"href":"https:\/\/sertv.gob.pa\/crisolfm\/wp-json\/wp\/v2\/tags?post=28884"}],"curies":[{"name":"wp","href":"https:\/\/api.w.org\/{rel}","templated":true}]}}