{"id":28887,"date":"2020-06-05T14:02:44","date_gmt":"2020-06-05T14:02:44","guid":{"rendered":"https:\/\/sertv.gob.pa\/crisolfm\/?p=28887"},"modified":"2020-06-05T14:02:44","modified_gmt":"2020-06-05T14:02:44","slug":"instituciones-se-alinean-en-operacion-arcadia-contra-delincuencia-del-negocio-de-madera","status":"publish","type":"post","link":"https:\/\/sertv.gob.pa\/crisolfm\/instituciones-se-alinean-en-operacion-arcadia-contra-delincuencia-del-negocio-de-madera\/","title":{"rendered":"Instituciones se alinean en operaci\u00f3n \u201cArcadia\u201d contra delincuencia del negocio de madera"},"content":{"rendered":"<p>Este jueves 4, se llev\u00f3 a cabo una reuni\u00f3n preliminar para la presentaci\u00f3n de la Operaci\u00f3n\u00a0\u00a0Global \u201cArcadia\u201d contra la delincuencia relacionada con la industria de la madera y la silvicultura, en la que participaron Milciades\u00a0\u00a0Concepci\u00f3n, ministro de Ambiente, Tayra Barsallo, directora General de la Autoridad Nacional de Aduanas de Panam\u00e1,\u00a0\u00a0Rolando Briz comisionado del Servicio Nacional de Frontera (SENAFRONT), Rafael Jurado comisionado del Servicio Nacional Aeronaval (SENAN) y Rafael Cruz, comisionado de la Polic\u00eda Ecol\u00f3gica de la Polic\u00eda Nacional.<\/p>\n<p>El comisionado Cruz, se\u00f1al\u00f3 que esta es una operaci\u00f3n creada a nivel global\u00a0facilitada por el Organizaci\u00f3n Mundial de Aduanas (AMO) y el Programa de Seguridad Ambiental de INTERPOL (ENS),\u00a0para descubrir e interrumpir el tr\u00e1fico ilegal de madera y la criminalidad asociada con el fraude y delitos financiaros como el blanqueo de capitales y narcotr\u00e1fico, de madera proveniente de zonas protegidas o fuera de \u00e1reas de concesiones y de madera regulada por la Convenci\u00f3n CITES.<\/p>\n<p>Seg\u00fan el ente policial la Operaci\u00f3n Arcadia ya se ejecuta internacionalmente, y de la que Panam\u00e1 formar\u00e1 parte, e implica la realizaci\u00f3n de investigaciones y seguimiento de redes criminales, inspecciones f\u00edsicas de decomisos, detenciones y los marcos legales aplicables a dichos delitos.<\/p>\n<p>A\u00f1adi\u00f3 que para poner en marcha se debe crear un grupo de trabajo en la que tendr\u00e1n partici\u00f3n las entidades presentes, lo que permitir\u00e1 crear unidades especiales que participen en el control aduanero del negocio de la madera, indicando que la coordinaci\u00f3n de la operaci\u00f3n se dar\u00e1 por arte de la Unidad de Delitos Ambientales que tiene su sede en MiAmbiente desde octubre del a\u00f1o pasado.<\/p>\n<p>Por su parte, el Ministro Concepci\u00f3n manifest\u00f3 que MiAmbiente viene trabajando de forma intensa en la persecuci\u00f3n de los delitos ambientales, especialmente de manera interna donde se ha logrado frenar las malas pr\u00e1cticas de funcionarios.<\/p>\n<p>As\u00ed mismo, la directora de Aduanas, Tayra Barsallo, agradeci\u00f3 la invitaci\u00f3n a participar de esta iniciativa, destacando la labor que en esa direcci\u00f3n realiza Aduanas con los entes de seguridad, pero que se hace necesario aplicar mayor tecnolog\u00eda para identificar las t\u00e9cnicas utilizadas por los delincuentes ambientales, que muchas veces son dif\u00edciles de detectar.<\/p>\n<p>&nbsp;<\/p>\n<p>Fuente:\u00a0 MiAmbiente<\/p>\n","protected":false},"excerpt":{"rendered":"<p>Este jueves 4, se llev\u00f3 a cabo una reuni\u00f3n preliminar <a href=\"https:\/\/sertv.gob.pa\/crisolfm\/instituciones-se-alinean-en-operacion-arcadia-contra-delincuencia-del-negocio-de-madera\/\"> [&#8230;]<\/a><\/p>\n","protected":false},"author":64,"featured_media":28888,"comment_status":"closed","ping_status":"closed","sticky":false,"template":"","format":"standard","meta":{"footnotes":""},"categories":[7],"tags":[],"class_list":["post-28887","post","type-post","status-publish","format-standard","has-post-thumbnail","hentry","category-ecologicas"],"_links":{"self":[{"href":"https:\/\/sertv.gob.pa\/crisolfm\/wp-json\/wp\/v2\/posts\/28887","targetHints":{"allow":["GET"]}}],"collection":[{"href":"https:\/\/sertv.gob.pa\/crisolfm\/wp-json\/wp\/v2\/posts"}],"about":[{"href":"https:\/\/sertv.gob.pa\/crisolfm\/wp-json\/wp\/v2\/types\/post"}],"author":[{"embeddable":true,"href":"https:\/\/sertv.gob.pa\/crisolfm\/wp-json\/wp\/v2\/users\/64"}],"replies":[{"embeddable":true,"href":"https:\/\/sertv.gob.pa\/crisolfm\/wp-json\/wp\/v2\/comments?post=28887"}],"version-history":[{"count":1,"href":"https:\/\/sertv.gob.pa\/crisolfm\/wp-json\/wp\/v2\/posts\/28887\/revisions"}],"predecessor-version":[{"id":28889,"href":"https:\/\/sertv.gob.pa\/crisolfm\/wp-json\/wp\/v2\/posts\/28887\/revisions\/28889"}],"wp:featuredmedia":[{"embeddable":true,"href":"https:\/\/sertv.gob.pa\/crisolfm\/wp-json\/wp\/v2\/media\/28888"}],"wp:attachment":[{"href":"https:\/\/sertv.gob.pa\/crisolfm\/wp-json\/wp\/v2\/media?parent=28887"}],"wp:term":[{"taxonomy":"category","embeddable":true,"href":"https:\/\/sertv.gob.pa\/crisolfm\/wp-json\/wp\/v2\/categories?post=28887"},{"taxonomy":"post_tag","embeddable":true,"href":"https:\/\/sertv.gob.pa\/crisolfm\/wp-json\/wp\/v2\/tags?post=28887"}],"curies":[{"name":"wp","href":"https:\/\/api.w.org\/{rel}","templated":true}]}}