{"id":28909,"date":"2020-06-05T17:39:13","date_gmt":"2020-06-05T17:39:13","guid":{"rendered":"https:\/\/sertv.gob.pa\/crisolfm\/?p=28909"},"modified":"2020-06-05T17:39:13","modified_gmt":"2020-06-05T17:39:13","slug":"y-la-ciudad-con-mas-librerias-del-mundo-es-lisboa","status":"publish","type":"post","link":"https:\/\/sertv.gob.pa\/crisolfm\/y-la-ciudad-con-mas-librerias-del-mundo-es-lisboa\/","title":{"rendered":"Y la ciudad con m\u00e1s librer\u00edas del mundo es\u2026 Lisboa"},"content":{"rendered":"<p><strong>Lisboa <\/strong>es la ciudad del mundo con mayor \u00edndice de librer\u00edas por metro cuadrado, seg\u00fan la lista difundida por la web especializada The World Index.<\/p>\n<p>Su clasificaci\u00f3n coloca a la capital portuguesa de manera destacada en cabeza de esta significativa medici\u00f3n, que arroja m\u00e1s de una sorpresa. As\u00ed, Lisboa tiene 41,6 librer\u00edas por cada 100.000 habitantes, escala que sirve como referencia.<\/p>\n<p>En segundo lugar, aparece <strong>Melbourne<\/strong>, con un volumen de 33,9 y en tercera posici\u00f3n se alza <strong>Buenos Aires <\/strong>gracias a sus 22,6. El Top 5 se completa con<strong> Hong-Kong<\/strong> (17,8) y\u2026 <strong>Madrid<\/strong>, que supera a <strong>Roma <\/strong>por cinco puntos y se sit\u00faa en 15,7.<\/p>\n<p>A continuaci\u00f3n, <strong>Toronto <\/strong>(12,4) y <strong>Tokio <\/strong>(12,2) anteceden a la glamurosa Par\u00eds, que ahora ocupa el noveno escalaf\u00f3n con 10,2 por delante de Nueva York y sus 9,4.<\/p>\n<p>La librer\u00eda m\u00e1s antigua del planeta, <strong>Bertrand<\/strong>, est\u00e1 en Lisboa desde 1732. Primero en su emplazamiento original en la Baixa y, despu\u00e9s del devastador terremoto de 1755, en su sede actual de la Rua Garrett. Siempre con el compromiso hacia los lectores por bandera, en pie durante todos estos siglos, con la salvedad de la reciente clausura temporal para evitar posibles contagios, antesala para reabrir sus puertas en el marco de la nueva fase decretada por el Gobierno portugu\u00e9s.<\/p>\n<p>Mejor dicho, Bertrand es la cadena de librer\u00edas l\u00edder en Portugal, con locales diseminados a lo largo de todo el pa\u00eds, incluidas sendas aperturas en la capital de la isla de Madeira, Funchal, y otra en Ponta Delgada, una de las tres capitales oficiales del archipi\u00e9lago de las Azores, junto a Horta y Angra do Hero\u00edsmo.<\/p>\n<p>Tambi\u00e9n se halla en Lisboa la librer\u00eda m\u00e1s peque\u00f1a del mundo, <strong>Simao<\/strong>, con sus exiguos cuatro metros cuadrados en las Escadinhas de Sao Cristovao, en la intersecci\u00f3n de la Rua Madalena y el barrio de la Mouraria, donde naci\u00f3 el fado.<\/p>\n<p>&nbsp;<\/p>\n<p>Fuente:\u00a0\u00a0 ABC Cultura<\/p>\n","protected":false},"excerpt":{"rendered":"<p>Lisboa es la ciudad del mundo con mayor \u00edndice de <a href=\"https:\/\/sertv.gob.pa\/crisolfm\/y-la-ciudad-con-mas-librerias-del-mundo-es-lisboa\/\"> [&#8230;]<\/a><\/p>\n","protected":false},"author":64,"featured_media":28910,"comment_status":"closed","ping_status":"closed","sticky":false,"template":"","format":"standard","meta":{"footnotes":""},"categories":[6],"tags":[],"class_list":["post-28909","post","type-post","status-publish","format-standard","has-post-thumbnail","hentry","category-culturales"],"_links":{"self":[{"href":"https:\/\/sertv.gob.pa\/crisolfm\/wp-json\/wp\/v2\/posts\/28909","targetHints":{"allow":["GET"]}}],"collection":[{"href":"https:\/\/sertv.gob.pa\/crisolfm\/wp-json\/wp\/v2\/posts"}],"about":[{"href":"https:\/\/sertv.gob.pa\/crisolfm\/wp-json\/wp\/v2\/types\/post"}],"author":[{"embeddable":true,"href":"https:\/\/sertv.gob.pa\/crisolfm\/wp-json\/wp\/v2\/users\/64"}],"replies":[{"embeddable":true,"href":"https:\/\/sertv.gob.pa\/crisolfm\/wp-json\/wp\/v2\/comments?post=28909"}],"version-history":[{"count":1,"href":"https:\/\/sertv.gob.pa\/crisolfm\/wp-json\/wp\/v2\/posts\/28909\/revisions"}],"predecessor-version":[{"id":28911,"href":"https:\/\/sertv.gob.pa\/crisolfm\/wp-json\/wp\/v2\/posts\/28909\/revisions\/28911"}],"wp:featuredmedia":[{"embeddable":true,"href":"https:\/\/sertv.gob.pa\/crisolfm\/wp-json\/wp\/v2\/media\/28910"}],"wp:attachment":[{"href":"https:\/\/sertv.gob.pa\/crisolfm\/wp-json\/wp\/v2\/media?parent=28909"}],"wp:term":[{"taxonomy":"category","embeddable":true,"href":"https:\/\/sertv.gob.pa\/crisolfm\/wp-json\/wp\/v2\/categories?post=28909"},{"taxonomy":"post_tag","embeddable":true,"href":"https:\/\/sertv.gob.pa\/crisolfm\/wp-json\/wp\/v2\/tags?post=28909"}],"curies":[{"name":"wp","href":"https:\/\/api.w.org\/{rel}","templated":true}]}}