{"id":28916,"date":"2020-06-05T18:55:36","date_gmt":"2020-06-05T18:55:36","guid":{"rendered":"https:\/\/sertv.gob.pa\/crisolfm\/?p=28916"},"modified":"2020-06-05T18:55:36","modified_gmt":"2020-06-05T18:55:36","slug":"miambiente-destaca-su-inversion-en-cuidado-forestal-y-vida-silvestre-en-el-dia-del-medio-ambiente","status":"publish","type":"post","link":"https:\/\/sertv.gob.pa\/crisolfm\/miambiente-destaca-su-inversion-en-cuidado-forestal-y-vida-silvestre-en-el-dia-del-medio-ambiente\/","title":{"rendered":"MiAmbiente destaca su inversi\u00f3n en cuidado forestal y vida silvestre en el D\u00eda del Medio Ambiente"},"content":{"rendered":"<p>En el marco del D\u00eda Mundial del Medio Ambiente, este 5 de junio, el mundo reflexiona sobre su relaci\u00f3n con la naturaleza, y el Ministerio de Ambiente no ha dejado pasar la fecha.<\/p>\n<p>Milc\u00edades Concepci\u00f3n, como ministro de la cartera, ha destacado la permanente amenaza al medioambiente que el avance desenfrenado de la deforestaci\u00f3n ilegal y el tr\u00e1fico de fauna silvestre representa, situaci\u00f3n que toma relevancia ante el contexto actual de la pandemia de COVID-19.<\/p>\n<p>\u201cLa protecci\u00f3n de esa biodiversidad amenazada cobra mayor relevancia en estos momentos, pues ella constituye una barrera que diluye la dispersi\u00f3n de pat\u00f3genos entre especies\u201d, manifest\u00f3 Concepci\u00f3n.<\/p>\n<p>En ese sentido desde 2016 a la fecha la Direcci\u00f3n de \u00c1reas Protegidas y Biodiversidad de MiAmbiente ha recogido informaci\u00f3n de los animales que ha atendido y rescatado; siendo alrededor de mil en distintos puntos de la geograf\u00eda nacional.<\/p>\n<p>101 en 2016, 86 en 2017, 239 para 2018, y para 2019 la cifra subi\u00f3 a 319. En lo que va del 2020 se ha sobrepasado el centenar de animales rescatados, y las cifras siguen subiendo en gran medida.<\/p>\n<p>El jefe del Departamento de Biodiversidad y Vida Silvestre de MiAmbiente, Jorge Garc\u00eda asegur\u00f3 que estos resultados son producto de la buena relaci\u00f3n y sinergia que en el \u00faltimo a\u00f1o ha establecido MiAmbiente con la Polic\u00eda Ecol\u00f3gica, el Servicio Nacional de Fronteras, Servicio Nacional Aeronaval, grupos de ONG, y la ciudadan\u00eda en general, que progresivamente se va interesando por preservar su entorno.<\/p>\n<p>&nbsp;<\/p>\n<p>Fuente:\u00a0 MiAmbiente<\/p>\n","protected":false},"excerpt":{"rendered":"<p>En el marco del D\u00eda Mundial del Medio Ambiente, este <a href=\"https:\/\/sertv.gob.pa\/crisolfm\/miambiente-destaca-su-inversion-en-cuidado-forestal-y-vida-silvestre-en-el-dia-del-medio-ambiente\/\"> [&#8230;]<\/a><\/p>\n","protected":false},"author":64,"featured_media":28917,"comment_status":"closed","ping_status":"closed","sticky":false,"template":"","format":"standard","meta":{"footnotes":""},"categories":[7],"tags":[],"class_list":["post-28916","post","type-post","status-publish","format-standard","has-post-thumbnail","hentry","category-ecologicas"],"_links":{"self":[{"href":"https:\/\/sertv.gob.pa\/crisolfm\/wp-json\/wp\/v2\/posts\/28916","targetHints":{"allow":["GET"]}}],"collection":[{"href":"https:\/\/sertv.gob.pa\/crisolfm\/wp-json\/wp\/v2\/posts"}],"about":[{"href":"https:\/\/sertv.gob.pa\/crisolfm\/wp-json\/wp\/v2\/types\/post"}],"author":[{"embeddable":true,"href":"https:\/\/sertv.gob.pa\/crisolfm\/wp-json\/wp\/v2\/users\/64"}],"replies":[{"embeddable":true,"href":"https:\/\/sertv.gob.pa\/crisolfm\/wp-json\/wp\/v2\/comments?post=28916"}],"version-history":[{"count":1,"href":"https:\/\/sertv.gob.pa\/crisolfm\/wp-json\/wp\/v2\/posts\/28916\/revisions"}],"predecessor-version":[{"id":28918,"href":"https:\/\/sertv.gob.pa\/crisolfm\/wp-json\/wp\/v2\/posts\/28916\/revisions\/28918"}],"wp:featuredmedia":[{"embeddable":true,"href":"https:\/\/sertv.gob.pa\/crisolfm\/wp-json\/wp\/v2\/media\/28917"}],"wp:attachment":[{"href":"https:\/\/sertv.gob.pa\/crisolfm\/wp-json\/wp\/v2\/media?parent=28916"}],"wp:term":[{"taxonomy":"category","embeddable":true,"href":"https:\/\/sertv.gob.pa\/crisolfm\/wp-json\/wp\/v2\/categories?post=28916"},{"taxonomy":"post_tag","embeddable":true,"href":"https:\/\/sertv.gob.pa\/crisolfm\/wp-json\/wp\/v2\/tags?post=28916"}],"curies":[{"name":"wp","href":"https:\/\/api.w.org\/{rel}","templated":true}]}}