{"id":28922,"date":"2020-06-05T20:09:28","date_gmt":"2020-06-05T20:09:28","guid":{"rendered":"https:\/\/sertv.gob.pa\/crisolfm\/?p=28922"},"modified":"2020-06-05T20:09:28","modified_gmt":"2020-06-05T20:09:28","slug":"muere-el-montador-ivan-aledo-figura-imprescindible-en-la-trastienda-del-cine-espanol","status":"publish","type":"post","link":"https:\/\/sertv.gob.pa\/crisolfm\/muere-el-montador-ivan-aledo-figura-imprescindible-en-la-trastienda-del-cine-espanol\/","title":{"rendered":"Muere el montador Iv\u00e1n Aledo, figura imprescindible en la trastienda del cine espa\u00f1ol"},"content":{"rendered":"<p>La Academia de Cine ha informado este viernes de la muerte del montador Iv\u00e1n Aledo, figura imprescindible en la trastienda del cine espa\u00f1ol con una labor tan invisible para el gran p\u00fablico como imprescindible para el \u00e9xito de una pel\u00edcula. El cineasta, que gan\u00f3 dos premios Goya (por \u00ab<strong>Los amantes del C\u00edrculo Polar<\/strong>\u00bb, de <a href=\"https:\/\/www.abc.es\/cultura\/abci-arbol-sangre-historia-amor-arbol-dentro-201810262018_video.html\" target=\"_blank\" rel=\"noopener\">Julio Medem<\/a>, y \u00ab<strong>La gran aventura de Mortadelo y Filem\u00f3n<\/strong>\u00bb, de Javier Fesser) estuvo nominado en otras cinco ocasiones, y actualmente era miembro de la junta directiva de la instituci\u00f3n.<\/p>\n<p>Con m\u00e1s de 100 trabajos a sus espaldas, entre cine y televisi\u00f3n, Aledo era una referencia en el montaje en Espa\u00f1a con t\u00edtulos como \u00abMa ma\u00bb, \u00abC\u00e1ndida\u00bb, \u00abLuc\u00eda y el sexo\u00bb, \u00abPar\u00eds Tombuct\u00fa\u00bb o \u00abCarreteras secundarias\u00bb. Su \u00faltimo trabajo ha sido \u00abUna ventana al mar\u00bb, de Miguel \u00c1ngel Jim\u00e9nez con Emma Su\u00e1rez.<\/p>\n<p>Muchos de los directores y productores con los que trabaj\u00f3 han volcado en redes su admiraci\u00f3n al montador y su p\u00e9same. \u00abIv\u00e1n, qu\u00e9date en paz. Eras una de las personas m\u00e1s grandes que he conocido nunca [&#8230;] \u00a1Ese hueco nos dejas, enorme amigo siempre te querr\u00e9!\u00bb, escrib\u00eda Julio Medem en Twitter.<\/p>\n<p>\u00abGrand\u00edsimo Iv\u00e1n Aledo. Se ha ido un brillante montador, pero sobre todo una persona maravillosa y buen amigo. Pocas veces me he re\u00eddo tanto en una sala de montaje como con \u00e9l. Te echaremos much\u00edsimo de menos. DEP\u00bb, lament\u00f3 el director <a href=\"https:\/\/www.abc.es\/play\/cine\/noticias\/abci-pelicula-haria-hitchcock-pleno-confinamiento-tres-directores-responden-202004290137_noticia.html\" target=\"_blank\" rel=\"noopener\">Koldo Serra<\/a>.<\/p>\n<p>El productor Enrique Lavigne, con el que trabaj\u00f3 en t\u00edtulos como \u00abEl asombroso mundo de Borja Mari y Pocholo\u00bb, tambi\u00e9n mostr\u00f3 su pesar en las redes: \u00ab<strong>\u00bfCu\u00e1ntas horas he pasado contigo en la sala de montaje?<\/strong> Ahora echo de menos todas, t\u00fa sabidur\u00eda tu humor&#8230; sigues siendo el mejor\u00bb, tuite\u00f3.<\/p>\n<p>&nbsp;<\/p>\n<p>Fuente:\u00a0 ABC Cultura<\/p>\n","protected":false},"excerpt":{"rendered":"<p>La Academia de Cine ha informado este viernes de la <a href=\"https:\/\/sertv.gob.pa\/crisolfm\/muere-el-montador-ivan-aledo-figura-imprescindible-en-la-trastienda-del-cine-espanol\/\"> [&#8230;]<\/a><\/p>\n","protected":false},"author":64,"featured_media":28923,"comment_status":"closed","ping_status":"closed","sticky":false,"template":"","format":"standard","meta":{"footnotes":""},"categories":[6],"tags":[],"class_list":["post-28922","post","type-post","status-publish","format-standard","has-post-thumbnail","hentry","category-culturales"],"_links":{"self":[{"href":"https:\/\/sertv.gob.pa\/crisolfm\/wp-json\/wp\/v2\/posts\/28922","targetHints":{"allow":["GET"]}}],"collection":[{"href":"https:\/\/sertv.gob.pa\/crisolfm\/wp-json\/wp\/v2\/posts"}],"about":[{"href":"https:\/\/sertv.gob.pa\/crisolfm\/wp-json\/wp\/v2\/types\/post"}],"author":[{"embeddable":true,"href":"https:\/\/sertv.gob.pa\/crisolfm\/wp-json\/wp\/v2\/users\/64"}],"replies":[{"embeddable":true,"href":"https:\/\/sertv.gob.pa\/crisolfm\/wp-json\/wp\/v2\/comments?post=28922"}],"version-history":[{"count":1,"href":"https:\/\/sertv.gob.pa\/crisolfm\/wp-json\/wp\/v2\/posts\/28922\/revisions"}],"predecessor-version":[{"id":28924,"href":"https:\/\/sertv.gob.pa\/crisolfm\/wp-json\/wp\/v2\/posts\/28922\/revisions\/28924"}],"wp:featuredmedia":[{"embeddable":true,"href":"https:\/\/sertv.gob.pa\/crisolfm\/wp-json\/wp\/v2\/media\/28923"}],"wp:attachment":[{"href":"https:\/\/sertv.gob.pa\/crisolfm\/wp-json\/wp\/v2\/media?parent=28922"}],"wp:term":[{"taxonomy":"category","embeddable":true,"href":"https:\/\/sertv.gob.pa\/crisolfm\/wp-json\/wp\/v2\/categories?post=28922"},{"taxonomy":"post_tag","embeddable":true,"href":"https:\/\/sertv.gob.pa\/crisolfm\/wp-json\/wp\/v2\/tags?post=28922"}],"curies":[{"name":"wp","href":"https:\/\/api.w.org\/{rel}","templated":true}]}}