{"id":28939,"date":"2020-06-08T13:29:00","date_gmt":"2020-06-08T13:29:00","guid":{"rendered":"https:\/\/sertv.gob.pa\/crisolfm\/?p=28939"},"modified":"2020-06-08T13:29:00","modified_gmt":"2020-06-08T13:29:00","slug":"en-el-dia-mundial-del-ambiente-en-panama-este-promueven-la-reforestacion","status":"publish","type":"post","link":"https:\/\/sertv.gob.pa\/crisolfm\/en-el-dia-mundial-del-ambiente-en-panama-este-promueven-la-reforestacion\/","title":{"rendered":"En el d\u00eda Mundial del Ambiente en Panam\u00e1 Este promueven la reforestaci\u00f3n"},"content":{"rendered":"<p>La necesidad de que la poblaci\u00f3n internalice la importancia de reforestar y tomar medidas individuales, familiares y comunitarias para proteger su entorno, y tomar conciencia sobre el ambiente, han sido las principales ideas motivadoras por la direcci\u00f3n regional del Ministerio de Ambiente (MiAmbiente) de Panam\u00e1 Este, para celebrar este viernes pasado el D\u00eda Mundial del Ambiente.<\/p>\n<p>La directora regional de MiAmbiente Panam\u00e1 Este, Elsa Garz\u00f3n, junto a un grupo de colaboradores llevaron a cabo la entrega de 60 plantones de tipo ornamental y frutales a las personas que transitaban por el puesto de control de Garita en el distrito Chepo, actividad realizada con el fin de conmemorar esta fecha que se celebra en todo el planeta.<\/p>\n<p>La Directora Regional, manifest\u00f3 que se requiere que la comunidad sea consciente de desarrollar sus actividades de una forma que no impacte los recursos naturales y que la sociedad paname\u00f1a vaya adquiriendo una conciencia sobre las acciones que pueden ser desarrolladas para alcanzar una armon\u00eda con el ambiente, que ayude a conservar la biodiversidad de nuestro pa\u00eds.<\/p>\n<p>El D\u00eda Mundial del Ambiente, se celebra el 5 de junio, y para este a\u00f1o 2020 <strong>el Programa de Naciones Unidas para el Medio Ambiente, es dedicado<\/strong> a la <strong>Biodiversidad<\/strong>, destacando que la naturaleza nos est\u00e1 enviando un mensaje, que debemos cuidar los ecosistemas, especies, y espacios naturales.<\/p>\n<p>El D\u00eda impulsa a las personas a pensar en la manera en la que consumen; a las empresas, a desarrollar modelos m\u00e1s ecol\u00f3gicos; a los agricultores y fabricantes, a producir de forma m\u00e1s sostenible; a los gobiernos, a salvaguardar los espacios silvestres; a los educadores, a inspirar a los estudiantes a vivir en armon\u00eda con la Tierra; y a los j\u00f3venes, a que se conviertan en audaces guardianes de un futuro verde.<\/p>\n<p>&nbsp;<\/p>\n<p>Fuente:\u00a0 MiAmbiente<\/p>\n","protected":false},"excerpt":{"rendered":"<p>La necesidad de que la poblaci\u00f3n internalice la importancia de <a href=\"https:\/\/sertv.gob.pa\/crisolfm\/en-el-dia-mundial-del-ambiente-en-panama-este-promueven-la-reforestacion\/\"> [&#8230;]<\/a><\/p>\n","protected":false},"author":64,"featured_media":28940,"comment_status":"closed","ping_status":"closed","sticky":false,"template":"","format":"standard","meta":{"footnotes":""},"categories":[7],"tags":[],"class_list":["post-28939","post","type-post","status-publish","format-standard","has-post-thumbnail","hentry","category-ecologicas"],"_links":{"self":[{"href":"https:\/\/sertv.gob.pa\/crisolfm\/wp-json\/wp\/v2\/posts\/28939","targetHints":{"allow":["GET"]}}],"collection":[{"href":"https:\/\/sertv.gob.pa\/crisolfm\/wp-json\/wp\/v2\/posts"}],"about":[{"href":"https:\/\/sertv.gob.pa\/crisolfm\/wp-json\/wp\/v2\/types\/post"}],"author":[{"embeddable":true,"href":"https:\/\/sertv.gob.pa\/crisolfm\/wp-json\/wp\/v2\/users\/64"}],"replies":[{"embeddable":true,"href":"https:\/\/sertv.gob.pa\/crisolfm\/wp-json\/wp\/v2\/comments?post=28939"}],"version-history":[{"count":1,"href":"https:\/\/sertv.gob.pa\/crisolfm\/wp-json\/wp\/v2\/posts\/28939\/revisions"}],"predecessor-version":[{"id":28941,"href":"https:\/\/sertv.gob.pa\/crisolfm\/wp-json\/wp\/v2\/posts\/28939\/revisions\/28941"}],"wp:featuredmedia":[{"embeddable":true,"href":"https:\/\/sertv.gob.pa\/crisolfm\/wp-json\/wp\/v2\/media\/28940"}],"wp:attachment":[{"href":"https:\/\/sertv.gob.pa\/crisolfm\/wp-json\/wp\/v2\/media?parent=28939"}],"wp:term":[{"taxonomy":"category","embeddable":true,"href":"https:\/\/sertv.gob.pa\/crisolfm\/wp-json\/wp\/v2\/categories?post=28939"},{"taxonomy":"post_tag","embeddable":true,"href":"https:\/\/sertv.gob.pa\/crisolfm\/wp-json\/wp\/v2\/tags?post=28939"}],"curies":[{"name":"wp","href":"https:\/\/api.w.org\/{rel}","templated":true}]}}