{"id":28942,"date":"2020-06-08T13:51:10","date_gmt":"2020-06-08T13:51:10","guid":{"rendered":"https:\/\/sertv.gob.pa\/crisolfm\/?p=28942"},"modified":"2020-06-08T13:51:10","modified_gmt":"2020-06-08T13:51:10","slug":"en-panama-oeste-resaltan-la-conservacion-de-la-naturaleza-en-el-dia-mundial-del-ambiente","status":"publish","type":"post","link":"https:\/\/sertv.gob.pa\/crisolfm\/en-panama-oeste-resaltan-la-conservacion-de-la-naturaleza-en-el-dia-mundial-del-ambiente\/","title":{"rendered":"En Panam\u00e1 Oeste resaltan la conservaci\u00f3n de la naturaleza, en el D\u00eda Mundial del Ambiente"},"content":{"rendered":"<p>Durante el D\u00eda Mundial del Ambiente, la directora regional de Panam\u00e1 Oeste, Marisol Ayola, junto al personal de la instituci\u00f3n llevaron a cabo la distribuci\u00f3n de plantones a peatones y conductores, resaltando la importancia que tiene la conservaci\u00f3n del medio ambiente para el bienestar humano.<\/p>\n<p>Destac\u00f3 que el objetivo del mismo, es impulsar acciones y sensibilizar a todas las personas y comunidades para que se conviertan en agentes activos a favor de la protecci\u00f3n del medio ambiente.<\/p>\n<p>Agreg\u00f3 que este a\u00f1o el tema escogido por el Programa de Naciones Unidas para el Medio Ambiente es: La Biodiversidad, la cual nos recuerda que tenemos razones en la cual todos debemos reflexionemos de qu\u00e9 forma podemos ayudar a la conservaci\u00f3n de la naturaleza, el ecosistema, las fuentes h\u00eddricas, que brindan servicios esenciales para el bienestar humano. \u201cLa naturaleza nos est\u00e1 enviando un mensaje, es hora de actuar\u201d, concluy\u00f3 Ayola.<\/p>\n<p>Con esta clase de actividades se busca sensibilizar a las personas, en materia de protecci\u00f3n, conservaci\u00f3n, preservaci\u00f3n y restauraci\u00f3n del ambiente, el uso sostenible y responsable de los recursos naturales, mediante la promoci\u00f3n de las mejores pr\u00e1cticas ambientales, en el cumplimiento y aplicaci\u00f3n de las leyes, para asegurar un ambiente \u00f3ptimo a las futuras generaciones y propiciar el desarrollo sostenible del pa\u00eds.<\/p>\n<p>&nbsp;<\/p>\n<p>Fuente:\u00a0\u00a0 MiAmbiente<\/p>\n<p>&nbsp;<\/p>\n","protected":false},"excerpt":{"rendered":"<p>Durante el D\u00eda Mundial del Ambiente, la directora regional de <a href=\"https:\/\/sertv.gob.pa\/crisolfm\/en-panama-oeste-resaltan-la-conservacion-de-la-naturaleza-en-el-dia-mundial-del-ambiente\/\"> [&#8230;]<\/a><\/p>\n","protected":false},"author":64,"featured_media":28943,"comment_status":"closed","ping_status":"closed","sticky":false,"template":"","format":"standard","meta":{"footnotes":""},"categories":[7],"tags":[],"class_list":["post-28942","post","type-post","status-publish","format-standard","has-post-thumbnail","hentry","category-ecologicas"],"_links":{"self":[{"href":"https:\/\/sertv.gob.pa\/crisolfm\/wp-json\/wp\/v2\/posts\/28942","targetHints":{"allow":["GET"]}}],"collection":[{"href":"https:\/\/sertv.gob.pa\/crisolfm\/wp-json\/wp\/v2\/posts"}],"about":[{"href":"https:\/\/sertv.gob.pa\/crisolfm\/wp-json\/wp\/v2\/types\/post"}],"author":[{"embeddable":true,"href":"https:\/\/sertv.gob.pa\/crisolfm\/wp-json\/wp\/v2\/users\/64"}],"replies":[{"embeddable":true,"href":"https:\/\/sertv.gob.pa\/crisolfm\/wp-json\/wp\/v2\/comments?post=28942"}],"version-history":[{"count":1,"href":"https:\/\/sertv.gob.pa\/crisolfm\/wp-json\/wp\/v2\/posts\/28942\/revisions"}],"predecessor-version":[{"id":28944,"href":"https:\/\/sertv.gob.pa\/crisolfm\/wp-json\/wp\/v2\/posts\/28942\/revisions\/28944"}],"wp:featuredmedia":[{"embeddable":true,"href":"https:\/\/sertv.gob.pa\/crisolfm\/wp-json\/wp\/v2\/media\/28943"}],"wp:attachment":[{"href":"https:\/\/sertv.gob.pa\/crisolfm\/wp-json\/wp\/v2\/media?parent=28942"}],"wp:term":[{"taxonomy":"category","embeddable":true,"href":"https:\/\/sertv.gob.pa\/crisolfm\/wp-json\/wp\/v2\/categories?post=28942"},{"taxonomy":"post_tag","embeddable":true,"href":"https:\/\/sertv.gob.pa\/crisolfm\/wp-json\/wp\/v2\/tags?post=28942"}],"curies":[{"name":"wp","href":"https:\/\/api.w.org\/{rel}","templated":true}]}}