{"id":28958,"date":"2020-06-08T16:19:51","date_gmt":"2020-06-08T16:19:51","guid":{"rendered":"https:\/\/sertv.gob.pa\/crisolfm\/?p=28958"},"modified":"2020-06-08T16:19:51","modified_gmt":"2020-06-08T16:19:51","slug":"los-turistas-podrian-regresar-a-machu-picchu-en-julio","status":"publish","type":"post","link":"https:\/\/sertv.gob.pa\/crisolfm\/los-turistas-podrian-regresar-a-machu-picchu-en-julio\/","title":{"rendered":"Los turistas podr\u00edan regresar a Machu Picchu en julio"},"content":{"rendered":"<p>Los responsables de la ciudadela inca de Machu Picchu est\u00e1n dise\u00f1ando protocolos sanitarios para reabrir en julio esta joya del turismo peruano, que permanece cerrada desde hace tres meses por la pandemia del coronavirus.<\/p>\n<p>\u00abSe est\u00e1n afinando los protocolos en coordinaci\u00f3n con todas las instancias correspondientes para poder hacer una reapertura de Machu Picchu en el marco de esta situaci\u00f3n de la pandemia para evitar cualquier tipo de contagio\u00bb, dijo v\u00eda telef\u00f3nica a la AFP el jefe del parque arqueol\u00f3gico, Jos\u00e9 Bastante.<\/p>\n<p>\u00abEstamos evaluando en estos momentos (la fecha). En teor\u00eda la reapertura ser\u00e1 el 1 de julio, pero se est\u00e1 evaluando\u00bb, agreg\u00f3.<\/p>\n<p>Entre los protocolos figura el uso obligatorio de mascarillas, distanciamiento entre las personas y lavado de manos al momento de ingresar, indic\u00f3 el funcionario.<\/p>\n<p>\u00abDefinitivamente todos van a tener que tener mascarilla, van a tener que lavarse las manos antes y limpieza de calzado\u00bb, explic\u00f3 Bastante.<\/p>\n<p>\u00abEstamos en cero turistas desde el 16 de marzo (&#8230;), no ha accedido ning\u00fan turista en Machu Picchu\u00bb, manifest\u00f3.<\/p>\n<p>La ciudadela de piedra construida hace unos 600 a\u00f1os, visitada por 1,5 millones de turistas en 2019, permanece ahora vac\u00eda con muy poco personal.<\/p>\n<p>&nbsp;<\/p>\n<p>Fuente:\u00a0 AFP<\/p>\n","protected":false},"excerpt":{"rendered":"<p>Los responsables de la ciudadela inca de Machu Picchu est\u00e1n <a href=\"https:\/\/sertv.gob.pa\/crisolfm\/los-turistas-podrian-regresar-a-machu-picchu-en-julio\/\"> [&#8230;]<\/a><\/p>\n","protected":false},"author":64,"featured_media":28959,"comment_status":"closed","ping_status":"closed","sticky":false,"template":"","format":"standard","meta":{"footnotes":""},"categories":[6],"tags":[],"class_list":["post-28958","post","type-post","status-publish","format-standard","has-post-thumbnail","hentry","category-culturales"],"_links":{"self":[{"href":"https:\/\/sertv.gob.pa\/crisolfm\/wp-json\/wp\/v2\/posts\/28958","targetHints":{"allow":["GET"]}}],"collection":[{"href":"https:\/\/sertv.gob.pa\/crisolfm\/wp-json\/wp\/v2\/posts"}],"about":[{"href":"https:\/\/sertv.gob.pa\/crisolfm\/wp-json\/wp\/v2\/types\/post"}],"author":[{"embeddable":true,"href":"https:\/\/sertv.gob.pa\/crisolfm\/wp-json\/wp\/v2\/users\/64"}],"replies":[{"embeddable":true,"href":"https:\/\/sertv.gob.pa\/crisolfm\/wp-json\/wp\/v2\/comments?post=28958"}],"version-history":[{"count":1,"href":"https:\/\/sertv.gob.pa\/crisolfm\/wp-json\/wp\/v2\/posts\/28958\/revisions"}],"predecessor-version":[{"id":28960,"href":"https:\/\/sertv.gob.pa\/crisolfm\/wp-json\/wp\/v2\/posts\/28958\/revisions\/28960"}],"wp:featuredmedia":[{"embeddable":true,"href":"https:\/\/sertv.gob.pa\/crisolfm\/wp-json\/wp\/v2\/media\/28959"}],"wp:attachment":[{"href":"https:\/\/sertv.gob.pa\/crisolfm\/wp-json\/wp\/v2\/media?parent=28958"}],"wp:term":[{"taxonomy":"category","embeddable":true,"href":"https:\/\/sertv.gob.pa\/crisolfm\/wp-json\/wp\/v2\/categories?post=28958"},{"taxonomy":"post_tag","embeddable":true,"href":"https:\/\/sertv.gob.pa\/crisolfm\/wp-json\/wp\/v2\/tags?post=28958"}],"curies":[{"name":"wp","href":"https:\/\/api.w.org\/{rel}","templated":true}]}}