{"id":28989,"date":"2020-06-09T14:37:31","date_gmt":"2020-06-09T14:37:31","guid":{"rendered":"https:\/\/sertv.gob.pa\/crisolfm\/?p=28989"},"modified":"2020-06-09T14:37:31","modified_gmt":"2020-06-09T14:37:31","slug":"jornada-de-reforestacion-realiza-miambiente-veraguas-en-conmemoracion-al-dia-mundial-del-medio-ambiente","status":"publish","type":"post","link":"https:\/\/sertv.gob.pa\/crisolfm\/jornada-de-reforestacion-realiza-miambiente-veraguas-en-conmemoracion-al-dia-mundial-del-medio-ambiente\/","title":{"rendered":"Jornada de reforestaci\u00f3n realiza MiAmbiente \/Veraguas en conmemoraci\u00f3n al d\u00eda mundial del medio ambiente"},"content":{"rendered":"<p>El pasado 5 de junio la Direcci\u00f3n Regional de MiAmbiente en Veraguas llev\u00f3 a cabo una Jornada de Reforestaci\u00f3n en el marco de la celebraci\u00f3n del D\u00eda Mundial del Medio Ambiente.<\/p>\n<p>Con una participaci\u00f3n de m\u00e1s de 30 colaboradores y con apoyo de lugare\u00f1os se realiz\u00f3 esta jornada en la comunidad del Cuay en el distrito de Santa Fe provincia de Veraguas, espec\u00edficamente en la finca del Sr. Flabio Urriola socio estrat\u00e9gico que apoya las actividades que efect\u00faa la administraci\u00f3n de MiAmbiente en Veraguas.<\/p>\n<p>Para esta jornada se cont\u00f3 con 1,200 plantones de Pino Caribe <em>(Pinus caribaea)<\/em> en un globo de terreno de m\u00e1s de 2 hect\u00e1reas, recuperando as\u00ed parte del \u00e1rea en bosques y como medida de protecci\u00f3n del ambiente y generaci\u00f3n de ox\u00edgeno.<\/p>\n<p>Est\u00e1 actividad impulsa acciones de concienciaci\u00f3n a la poblaci\u00f3n a trav\u00e9s de la reforestaci\u00f3n en familia, en sus fincas o \u00e1reas comunes, reforzando la restauraci\u00f3n ecol\u00f3gica y preservando la Biodiversidad como lo es lema de este 2020 en el D\u00eda Mundial del Medio Ambiente.<\/p>\n<p>Julieta Fern\u00e1ndez directora regional invita a todas las personas a actuar para preservar nuestro patrimonio natural en beneficio de las generaciones presentes y futuras, participando del Gran D\u00eda Nacional de Reforestaci\u00f3n el pr\u00f3ximo 27 de junio de 2020.<\/p>\n<p>&nbsp;<\/p>\n<p>Fuente:\u00a0 MiAmbiente<\/p>\n","protected":false},"excerpt":{"rendered":"<p>El pasado 5 de junio la Direcci\u00f3n Regional de MiAmbiente <a href=\"https:\/\/sertv.gob.pa\/crisolfm\/jornada-de-reforestacion-realiza-miambiente-veraguas-en-conmemoracion-al-dia-mundial-del-medio-ambiente\/\"> [&#8230;]<\/a><\/p>\n","protected":false},"author":64,"featured_media":29014,"comment_status":"closed","ping_status":"closed","sticky":false,"template":"","format":"standard","meta":{"footnotes":""},"categories":[7],"tags":[],"class_list":["post-28989","post","type-post","status-publish","format-standard","has-post-thumbnail","hentry","category-ecologicas"],"_links":{"self":[{"href":"https:\/\/sertv.gob.pa\/crisolfm\/wp-json\/wp\/v2\/posts\/28989","targetHints":{"allow":["GET"]}}],"collection":[{"href":"https:\/\/sertv.gob.pa\/crisolfm\/wp-json\/wp\/v2\/posts"}],"about":[{"href":"https:\/\/sertv.gob.pa\/crisolfm\/wp-json\/wp\/v2\/types\/post"}],"author":[{"embeddable":true,"href":"https:\/\/sertv.gob.pa\/crisolfm\/wp-json\/wp\/v2\/users\/64"}],"replies":[{"embeddable":true,"href":"https:\/\/sertv.gob.pa\/crisolfm\/wp-json\/wp\/v2\/comments?post=28989"}],"version-history":[{"count":1,"href":"https:\/\/sertv.gob.pa\/crisolfm\/wp-json\/wp\/v2\/posts\/28989\/revisions"}],"predecessor-version":[{"id":29015,"href":"https:\/\/sertv.gob.pa\/crisolfm\/wp-json\/wp\/v2\/posts\/28989\/revisions\/29015"}],"wp:featuredmedia":[{"embeddable":true,"href":"https:\/\/sertv.gob.pa\/crisolfm\/wp-json\/wp\/v2\/media\/29014"}],"wp:attachment":[{"href":"https:\/\/sertv.gob.pa\/crisolfm\/wp-json\/wp\/v2\/media?parent=28989"}],"wp:term":[{"taxonomy":"category","embeddable":true,"href":"https:\/\/sertv.gob.pa\/crisolfm\/wp-json\/wp\/v2\/categories?post=28989"},{"taxonomy":"post_tag","embeddable":true,"href":"https:\/\/sertv.gob.pa\/crisolfm\/wp-json\/wp\/v2\/tags?post=28989"}],"curies":[{"name":"wp","href":"https:\/\/api.w.org\/{rel}","templated":true}]}}