{"id":29002,"date":"2020-06-09T13:50:22","date_gmt":"2020-06-09T13:50:22","guid":{"rendered":"https:\/\/sertv.gob.pa\/crisolfm\/?p=29002"},"modified":"2020-06-09T13:50:22","modified_gmt":"2020-06-09T13:50:22","slug":"conjunto-de-iniciativas-promueve-miambiente-para-aprovechamiento-de-los-oceanos","status":"publish","type":"post","link":"https:\/\/sertv.gob.pa\/crisolfm\/conjunto-de-iniciativas-promueve-miambiente-para-aprovechamiento-de-los-oceanos\/","title":{"rendered":"Conjunto de iniciativas promueve MiAmbiente para aprovechamiento de los oc\u00e9anos"},"content":{"rendered":"<p>Un conjunto de iniciativas promueve el Ministerio de Ambiente (MiAmbiente), junto a otras instituciones y organizaciones el prop\u00f3sito de lograr el aprovechamiento de los oc\u00e9anos que bordean el istmo de Panam\u00e1 y la integraci\u00f3n a los programas de desarrollo del pa\u00eds. En ocasi\u00f3n, de la celebraci\u00f3n del D\u00eda Mundial de los Oc\u00e9anos, se ha informado sobre estos programas que se adelantan en la actualidad.<\/p>\n<p>Jos\u00e9 Julio Casas, director de Costas y Mares del Ministerio de Ambiente, llam\u00f3 la atenci\u00f3n sobre la importancia de este recurso marino y resalt\u00f3 que \u201clos usos que le damos a esas enormes masas de agua favorecen la econom\u00eda nacional, local y hasta internacional\u201d y se refiri\u00f3 a actividades como \u201cla pesca, la maricultura y las diferentes formas de turismo, que inyectan recursos importantes para el desarrollo de las comunidades costeras, lo que permea en la econom\u00eda nacional\u201d.<\/p>\n<p>Esta instituci\u00f3n, junto a entidades como la Autoridad Mar\u00edtima de Panam\u00e1 (AMP) y la Autoridad de los Recursos Acu\u00e1ticos (ARAP) est\u00e1 actualmente en proceso de formulaci\u00f3n de la Pol\u00edtica Nacional de Oc\u00e9anos, que le dar\u00e1 a Panam\u00e1 un diagn\u00f3stico de la situaci\u00f3n actual que enfrentan las \u00e1reas marino-costeras y los impactos que causan las cuencas bajas, medias y altas, que muchas veces son olvidados.<\/p>\n<p>A su vez, busca promover una cultura de pa\u00eds mar\u00edtimo, y una estrategia para integrar a las comunidades costeras con su alrededor, as\u00ed como promover y priorizar las \u00e1reas de investigaci\u00f3n cient\u00edfica para la toma de decisiones y apropiado manejo de los oc\u00e9anos.<\/p>\n<p>En 2021, Panam\u00e1 ser\u00e1 la sede de la Conferencia de Nuestros Oc\u00e9anos o <em>Our Ocean Conference<\/em>, donde gobiernos, organizaciones no gubernamentales y sociedad civil se comprometen con acciones cuantificables para la conservaci\u00f3n de los oc\u00e9anos.<\/p>\n<p>Los oc\u00e9anos juegan un importante papel en procesos como la regulaci\u00f3n del clima mundial; adem\u00e1s del beneficio que brindan sus ecosistemas como repositorios de carbono; que fijan el CO<sub>2 <\/sub>que producen las actividades no sostenibles que se generan en el planeta.\u00a0 De all\u00ed esta serie de iniciativas que consolidan una pol\u00edtica sostenible hacia ese recurso fundamental.<\/p>\n<p>&nbsp;<\/p>\n<p>Fuente:\u00a0 MiAmbiente<\/p>\n","protected":false},"excerpt":{"rendered":"<p>Un conjunto de iniciativas promueve el Ministerio de Ambiente (MiAmbiente), <a href=\"https:\/\/sertv.gob.pa\/crisolfm\/conjunto-de-iniciativas-promueve-miambiente-para-aprovechamiento-de-los-oceanos\/\"> [&#8230;]<\/a><\/p>\n","protected":false},"author":64,"featured_media":29003,"comment_status":"closed","ping_status":"closed","sticky":false,"template":"","format":"standard","meta":{"footnotes":""},"categories":[7],"tags":[],"class_list":["post-29002","post","type-post","status-publish","format-standard","has-post-thumbnail","hentry","category-ecologicas"],"_links":{"self":[{"href":"https:\/\/sertv.gob.pa\/crisolfm\/wp-json\/wp\/v2\/posts\/29002","targetHints":{"allow":["GET"]}}],"collection":[{"href":"https:\/\/sertv.gob.pa\/crisolfm\/wp-json\/wp\/v2\/posts"}],"about":[{"href":"https:\/\/sertv.gob.pa\/crisolfm\/wp-json\/wp\/v2\/types\/post"}],"author":[{"embeddable":true,"href":"https:\/\/sertv.gob.pa\/crisolfm\/wp-json\/wp\/v2\/users\/64"}],"replies":[{"embeddable":true,"href":"https:\/\/sertv.gob.pa\/crisolfm\/wp-json\/wp\/v2\/comments?post=29002"}],"version-history":[{"count":1,"href":"https:\/\/sertv.gob.pa\/crisolfm\/wp-json\/wp\/v2\/posts\/29002\/revisions"}],"predecessor-version":[{"id":29004,"href":"https:\/\/sertv.gob.pa\/crisolfm\/wp-json\/wp\/v2\/posts\/29002\/revisions\/29004"}],"wp:featuredmedia":[{"embeddable":true,"href":"https:\/\/sertv.gob.pa\/crisolfm\/wp-json\/wp\/v2\/media\/29003"}],"wp:attachment":[{"href":"https:\/\/sertv.gob.pa\/crisolfm\/wp-json\/wp\/v2\/media?parent=29002"}],"wp:term":[{"taxonomy":"category","embeddable":true,"href":"https:\/\/sertv.gob.pa\/crisolfm\/wp-json\/wp\/v2\/categories?post=29002"},{"taxonomy":"post_tag","embeddable":true,"href":"https:\/\/sertv.gob.pa\/crisolfm\/wp-json\/wp\/v2\/tags?post=29002"}],"curies":[{"name":"wp","href":"https:\/\/api.w.org\/{rel}","templated":true}]}}