{"id":29006,"date":"2020-06-09T14:11:22","date_gmt":"2020-06-09T14:11:22","guid":{"rendered":"https:\/\/sertv.gob.pa\/crisolfm\/?p=29006"},"modified":"2020-06-09T14:11:22","modified_gmt":"2020-06-09T14:11:22","slug":"actividades-virtuales-del-corpus-christi-son-apoyadas-por-el-ministerio-de-cultura","status":"publish","type":"post","link":"https:\/\/sertv.gob.pa\/crisolfm\/actividades-virtuales-del-corpus-christi-son-apoyadas-por-el-ministerio-de-cultura\/","title":{"rendered":"Actividades virtuales del Corpus Christi son apoyadas por el Ministerio de Cultura"},"content":{"rendered":"<p>El Ministerio de Cultura participa activamente en la festividad del Corpus Christi de forma virtual hasta el 21 de junio con iniciativas organizadas desde la Villa de Los Santos y el distrito de Parita.<\/p>\n<p>Carlos Aguilar Navarro, m\u00e1xima autoridad cultural de nuestro pa\u00eds, destac\u00f3 que el Corpus Christi es una expresi\u00f3n cultural que muestra la diversidad de nuestro pueblo y une a todo un pa\u00eds que enaltece sus costumbres y tradiciones.<\/p>\n<p>Por su parte, la Directora Nacional del Folklore, Karen Peralta, explic\u00f3 que el ministerio, como entidad garante y protectora del patrimonio cultural e inmaterial de nuestro pa\u00eds, destaca el esfuerzo de los artistas paname\u00f1os que participan de esta festividad, que mezcla la magia del folclor con la fe cat\u00f3lica, enalteciendo as\u00ed esta fiesta religiosa.<\/p>\n<p>La celebraci\u00f3n del Corpus Christi constituye un legado ancestral con rituales, c\u00e1nticos y danzas tradicionales que festejan al cuerpo de Cristo y se han convertido en un Patrimonio Cultural vivo. El Ministerio de Cultura en conjunto con la poblaci\u00f3n de la Villa De Los Santos transmitir\u00e1 a trav\u00e9s de las plataformas virtuales el Corpus Christi para seguir de cerca esta tradici\u00f3n en directo por nuestra p\u00e1gina de Facebook, Ministerio de Cultura de Panam\u00e1\u0301.<\/p>\n<p>La celebraci\u00f3n empieza con la V\u00edspera de la Sant\u00edsima Trinidad en la Villa de Los Santos, con el Ritual del Diablo Encuetao, el s\u00e1bado 6 de junio a las 12:00 m.<br \/>\n\u2022 Mi\u00e9rcoles 10 de junio -12: 00 m \u00a0 Cuarteto del Sol<br \/>\n\u2022 Jueves 11 de junio-7:00 a.m. D\u00eda de Corpus Christi<br \/>\n\u2022 Jueves 18 de junio-4:00 p.m. D\u00eda de la Octava de Corpus<br \/>\n\u2022 Viernes 19 de junio-4:00 p.m. D\u00eda del Coraz\u00f3n de Jes\u00fas<br \/>\n\u2022 S\u00e1bado 20 de junio-2;00 p.m.-D\u00eda dedicado al Turismo<br \/>\n\u2022 Domingo 21 de junio-1:00 p.m. D\u00eda dedicado a la mujer Sante\u00f1a\u00a0 \u00a0 \u00a0`<\/p>\n<p>Mientras que en Parita las actividades virtuales organizado por el Patronato de Danzas de Corpus Christi, Sim\u00f3n Mon Mendieta son:<br \/>\nMi\u00e9rcoles 10 de junio-12:00 m.d<br \/>\nPresentaci\u00f3n del Cuarteto del Sol, por la Danza de Diablicos Limpios.<br \/>\nJueves 11 de junio<br \/>\n10:30 a.m. Solemne Eucarist\u00eda y Bendici\u00f3n Solemne y Exposici\u00f3n del Sant\u00edsimo.<br \/>\n7:00 p.m. Historia del Corpus de Parita<br \/>\nS\u00e1bado 13 de junio<br \/>\n7:30 p.m. Presentaci\u00f3n de diferentes Danzas Parite\u00f1as<br \/>\nDomingo 21 de junio<br \/>\nGran Concurso de Do\u00f1as.<\/p>\n<p>&nbsp;<\/p>\n<p>Fuente:\u00a0 MiCultura<\/p>\n<p>&nbsp;<\/p>\n","protected":false},"excerpt":{"rendered":"<p>El Ministerio de Cultura participa activamente en la festividad del <a href=\"https:\/\/sertv.gob.pa\/crisolfm\/actividades-virtuales-del-corpus-christi-son-apoyadas-por-el-ministerio-de-cultura\/\"> [&#8230;]<\/a><\/p>\n","protected":false},"author":64,"featured_media":29007,"comment_status":"closed","ping_status":"closed","sticky":false,"template":"","format":"standard","meta":{"footnotes":""},"categories":[6],"tags":[],"class_list":["post-29006","post","type-post","status-publish","format-standard","has-post-thumbnail","hentry","category-culturales"],"_links":{"self":[{"href":"https:\/\/sertv.gob.pa\/crisolfm\/wp-json\/wp\/v2\/posts\/29006","targetHints":{"allow":["GET"]}}],"collection":[{"href":"https:\/\/sertv.gob.pa\/crisolfm\/wp-json\/wp\/v2\/posts"}],"about":[{"href":"https:\/\/sertv.gob.pa\/crisolfm\/wp-json\/wp\/v2\/types\/post"}],"author":[{"embeddable":true,"href":"https:\/\/sertv.gob.pa\/crisolfm\/wp-json\/wp\/v2\/users\/64"}],"replies":[{"embeddable":true,"href":"https:\/\/sertv.gob.pa\/crisolfm\/wp-json\/wp\/v2\/comments?post=29006"}],"version-history":[{"count":1,"href":"https:\/\/sertv.gob.pa\/crisolfm\/wp-json\/wp\/v2\/posts\/29006\/revisions"}],"predecessor-version":[{"id":29008,"href":"https:\/\/sertv.gob.pa\/crisolfm\/wp-json\/wp\/v2\/posts\/29006\/revisions\/29008"}],"wp:featuredmedia":[{"embeddable":true,"href":"https:\/\/sertv.gob.pa\/crisolfm\/wp-json\/wp\/v2\/media\/29007"}],"wp:attachment":[{"href":"https:\/\/sertv.gob.pa\/crisolfm\/wp-json\/wp\/v2\/media?parent=29006"}],"wp:term":[{"taxonomy":"category","embeddable":true,"href":"https:\/\/sertv.gob.pa\/crisolfm\/wp-json\/wp\/v2\/categories?post=29006"},{"taxonomy":"post_tag","embeddable":true,"href":"https:\/\/sertv.gob.pa\/crisolfm\/wp-json\/wp\/v2\/tags?post=29006"}],"curies":[{"name":"wp","href":"https:\/\/api.w.org\/{rel}","templated":true}]}}