{"id":29009,"date":"2020-06-09T14:31:32","date_gmt":"2020-06-09T14:31:32","guid":{"rendered":"https:\/\/sertv.gob.pa\/crisolfm\/?p=29009"},"modified":"2020-06-09T14:31:32","modified_gmt":"2020-06-09T14:31:32","slug":"por-venta-de-mascarillas-artesanales-covid-19-artesanos-registran-cifras-superiores-a-los-150000","status":"publish","type":"post","link":"https:\/\/sertv.gob.pa\/crisolfm\/por-venta-de-mascarillas-artesanales-covid-19-artesanos-registran-cifras-superiores-a-los-150000\/","title":{"rendered":"Por venta de mascarillas artesanales Covid-19, artesanos registran cifras superiores a los $150,000"},"content":{"rendered":"<p>Ventas por m\u00e1s de 150 mil d\u00f3lares han registrado los artesanos y artesanas del pa\u00eds desde el pasado mes de abril, tras comenzar con el proyecto de confecci\u00f3n de mascarillas cubre bocas con especificaciones de protecci\u00f3n Covid-19, avaladas por las autoridades de salud.<\/p>\n<p>El Ministerio de Cultura, entidad gubernamental que empez\u00f3 el proyecto acompa\u00f1ando a m\u00e1s de mil 200 artesanos del pa\u00eds, inform\u00f3 que hasta la fecha se han confeccionado cerca de 45 mil mascarillas que se han vendido a clientes a trav\u00e9s del cat\u00e1logo de mascarillas que se elabor\u00f3 con el apoyo de la Autoridad de la Micro, Peque\u00f1a y Mediana Empresa (AMPYME), as\u00ed como por las iniciativas realizadas en las dos ferias virtuales que se desarrollaron desde la web de la instituci\u00f3n y m\u00e1s reciente con el apoyo de la Cervecer\u00eda Nacional, que adquiri\u00f3 recientemente unas 10 mascarillas para brindarla a clientes, colaboradores, distribuidores y proveedores de la compa\u00f1\u00eda para su campa\u00f1a #HechasConBuenaVibra.<\/p>\n<p>El Ministerio de Cultura est\u00e1 colaborando con los grupos de artesanas y artesanos paname\u00f1os en la confecci\u00f3n y curadur\u00eda de las mascarillas \u201ccubre bocas\u201d de protecci\u00f3n Covid-19 con dise\u00f1os aut\u00f3ctonos y netamente paname\u00f1os, siguiendo las especificaciones del Ministerio de Salud para el resguardo de las personas que las usen.<\/p>\n<p>Al respecto, el Director Nacional de Artesan\u00edas de MiCultura, Jaime Luna, dijo que las artesanas y artesanos paname\u00f1os est\u00e1n colaborando de forma organizada y con mucho entusiasmo para aumentar la producci\u00f3n de mascarillas que cuenten con filtros y materiales de primera l\u00ednea, siguiendo las disposiciones de las autoridades de salud.<\/p>\n<p>&nbsp;<\/p>\n<p>Fuente:\u00a0\u00a0 MiCultura<\/p>\n","protected":false},"excerpt":{"rendered":"<p>Ventas por m\u00e1s de 150 mil d\u00f3lares han registrado los <a href=\"https:\/\/sertv.gob.pa\/crisolfm\/por-venta-de-mascarillas-artesanales-covid-19-artesanos-registran-cifras-superiores-a-los-150000\/\"> [&#8230;]<\/a><\/p>\n","protected":false},"author":64,"featured_media":29010,"comment_status":"closed","ping_status":"closed","sticky":false,"template":"","format":"standard","meta":{"footnotes":""},"categories":[6],"tags":[],"class_list":["post-29009","post","type-post","status-publish","format-standard","has-post-thumbnail","hentry","category-culturales"],"_links":{"self":[{"href":"https:\/\/sertv.gob.pa\/crisolfm\/wp-json\/wp\/v2\/posts\/29009","targetHints":{"allow":["GET"]}}],"collection":[{"href":"https:\/\/sertv.gob.pa\/crisolfm\/wp-json\/wp\/v2\/posts"}],"about":[{"href":"https:\/\/sertv.gob.pa\/crisolfm\/wp-json\/wp\/v2\/types\/post"}],"author":[{"embeddable":true,"href":"https:\/\/sertv.gob.pa\/crisolfm\/wp-json\/wp\/v2\/users\/64"}],"replies":[{"embeddable":true,"href":"https:\/\/sertv.gob.pa\/crisolfm\/wp-json\/wp\/v2\/comments?post=29009"}],"version-history":[{"count":1,"href":"https:\/\/sertv.gob.pa\/crisolfm\/wp-json\/wp\/v2\/posts\/29009\/revisions"}],"predecessor-version":[{"id":29011,"href":"https:\/\/sertv.gob.pa\/crisolfm\/wp-json\/wp\/v2\/posts\/29009\/revisions\/29011"}],"wp:featuredmedia":[{"embeddable":true,"href":"https:\/\/sertv.gob.pa\/crisolfm\/wp-json\/wp\/v2\/media\/29010"}],"wp:attachment":[{"href":"https:\/\/sertv.gob.pa\/crisolfm\/wp-json\/wp\/v2\/media?parent=29009"}],"wp:term":[{"taxonomy":"category","embeddable":true,"href":"https:\/\/sertv.gob.pa\/crisolfm\/wp-json\/wp\/v2\/categories?post=29009"},{"taxonomy":"post_tag","embeddable":true,"href":"https:\/\/sertv.gob.pa\/crisolfm\/wp-json\/wp\/v2\/tags?post=29009"}],"curies":[{"name":"wp","href":"https:\/\/api.w.org\/{rel}","templated":true}]}}