{"id":29018,"date":"2020-06-09T15:03:04","date_gmt":"2020-06-09T15:03:04","guid":{"rendered":"https:\/\/sertv.gob.pa\/crisolfm\/?p=29018"},"modified":"2020-06-09T15:03:04","modified_gmt":"2020-06-09T15:03:04","slug":"hyundai-coche-electrico-para-2025","status":"publish","type":"post","link":"https:\/\/sertv.gob.pa\/crisolfm\/hyundai-coche-electrico-para-2025\/","title":{"rendered":"Hyundai coche el\u00e9ctrico para 2025"},"content":{"rendered":"<p>La compa\u00f1\u00eda automovil\u00edstica Hyundai prev\u00e9 posicionarse como uno de los tres principales proveedores de <strong>veh\u00edculos el\u00e9ctricos en Europa<\/strong> y en todo el mundo para 2025, por lo que ya a finales de este a\u00f1o m\u00e1s de tres de cada cuatro modelos de su flota estar\u00e1 disponible en versi\u00f3n electrificada.<\/p>\n<p>\u00abDesde los h\u00edbridos hasta la pila de combustible de hidr\u00f3geno, Hyundai ha estado a la vanguardia del desarrollo de veh\u00edculos ecol\u00f3gicos durante tres d\u00e9cadas. Proporcionar una movilidad limpia y promover un futuro sostenible son elementos clave relacionados con la mentalidad de progreso de Hyundai\u00bb, ha subrayado la firma surcoreana.<\/p>\n<p>Por todo ello, Hyundai prev\u00e9 que este ejercicio sea el \u00aba\u00f1o de la electrificaci\u00f3n\u00bb de la marca, con la llegada del Nexo, que supondr\u00e1 la segunda <strong>generaci\u00f3n de veh\u00edculos el\u00e9ctricos<\/strong> de pila de combustible de hidr\u00f3geno, o del Ioniq el\u00e9ctrico.<\/p>\n<p>\u00abNo contento con detenerse en los turismos, Hyundai est\u00e1 incluso llevando la electrificaci\u00f3n a otros aspectos de la movilidad, a saber, a los coches de carreras y los camiones comerciales\u00bb, ha remarcado.<\/p>\n<p>&nbsp;<\/p>\n<p>Fuente:\u00a0\u00a0 ECOticias<\/p>\n","protected":false},"excerpt":{"rendered":"<p>La compa\u00f1\u00eda automovil\u00edstica Hyundai prev\u00e9 posicionarse como uno de los <a href=\"https:\/\/sertv.gob.pa\/crisolfm\/hyundai-coche-electrico-para-2025\/\"> [&#8230;]<\/a><\/p>\n","protected":false},"author":64,"featured_media":29019,"comment_status":"closed","ping_status":"closed","sticky":false,"template":"","format":"standard","meta":{"footnotes":""},"categories":[7],"tags":[],"class_list":["post-29018","post","type-post","status-publish","format-standard","has-post-thumbnail","hentry","category-ecologicas"],"_links":{"self":[{"href":"https:\/\/sertv.gob.pa\/crisolfm\/wp-json\/wp\/v2\/posts\/29018","targetHints":{"allow":["GET"]}}],"collection":[{"href":"https:\/\/sertv.gob.pa\/crisolfm\/wp-json\/wp\/v2\/posts"}],"about":[{"href":"https:\/\/sertv.gob.pa\/crisolfm\/wp-json\/wp\/v2\/types\/post"}],"author":[{"embeddable":true,"href":"https:\/\/sertv.gob.pa\/crisolfm\/wp-json\/wp\/v2\/users\/64"}],"replies":[{"embeddable":true,"href":"https:\/\/sertv.gob.pa\/crisolfm\/wp-json\/wp\/v2\/comments?post=29018"}],"version-history":[{"count":1,"href":"https:\/\/sertv.gob.pa\/crisolfm\/wp-json\/wp\/v2\/posts\/29018\/revisions"}],"predecessor-version":[{"id":29020,"href":"https:\/\/sertv.gob.pa\/crisolfm\/wp-json\/wp\/v2\/posts\/29018\/revisions\/29020"}],"wp:featuredmedia":[{"embeddable":true,"href":"https:\/\/sertv.gob.pa\/crisolfm\/wp-json\/wp\/v2\/media\/29019"}],"wp:attachment":[{"href":"https:\/\/sertv.gob.pa\/crisolfm\/wp-json\/wp\/v2\/media?parent=29018"}],"wp:term":[{"taxonomy":"category","embeddable":true,"href":"https:\/\/sertv.gob.pa\/crisolfm\/wp-json\/wp\/v2\/categories?post=29018"},{"taxonomy":"post_tag","embeddable":true,"href":"https:\/\/sertv.gob.pa\/crisolfm\/wp-json\/wp\/v2\/tags?post=29018"}],"curies":[{"name":"wp","href":"https:\/\/api.w.org\/{rel}","templated":true}]}}