{"id":29025,"date":"2020-06-09T16:03:41","date_gmt":"2020-06-09T16:03:41","guid":{"rendered":"https:\/\/sertv.gob.pa\/crisolfm\/?p=29025"},"modified":"2020-06-09T16:03:41","modified_gmt":"2020-06-09T16:03:41","slug":"la-feria-del-libro-de-guadalajara-y-el-hay-festival-premio-princesa-de-asturias-de-comunicacion-2020","status":"publish","type":"post","link":"https:\/\/sertv.gob.pa\/crisolfm\/la-feria-del-libro-de-guadalajara-y-el-hay-festival-premio-princesa-de-asturias-de-comunicacion-2020\/","title":{"rendered":"La Feria del Libro de Guadalajara y el Hay Festival, premio Princesa de Asturias de Comunicaci\u00f3n 2020"},"content":{"rendered":"<p>La <a href=\"https:\/\/www.fil.com.mx\/info\/info_fil.asp\" target=\"_blank\" rel=\"noopener\">Feria Internacional del Libro de Guadalajara<\/a> (FIL) y el <a href=\"http:\/\/www.hayfestival.com\/home\" target=\"_blank\" rel=\"noopener\">Hay Festival of Literature &amp; Arts<\/a> han sido galardonados con el <a href=\"https:\/\/www.fpa.es\/es\/premios-comunicacion-y-humanidades\" target=\"_blank\" rel=\"noopener\">premio Princesa de Asturias de Comunicaci\u00f3n y Humanidades 2020<\/a>, al que este a\u00f1o optaban veintiocho candidaturas de quince pa\u00edses.<\/p>\n<p>Reunido telem\u00e1ticamente por la crisis sanitaria del coronavirus, el jurado del galard\u00f3n, presidido por V\u00edctor Garc\u00eda de la Concha, define a la FIL y al Hay Festival como \u00ablos m\u00e1s importantes puntos de encuentro del libro, los escritores, los lectores y la cultura en el mundo\u00bb. A juicio del jurado, la FIL \u00abse ha convertido en un fen\u00f3meno literario universal\u00bb y, con \u00abuna enorme resonancia popular y una participaci\u00f3n masiva, constituye un gran foco de proyecci\u00f3n de la lengua espa\u00f1ola\u00bb. En cuanto al Hay Festival, \u00abconvoca a lectores y escritores a trav\u00e9s de las ediciones que se extienden desde 2006 por Am\u00e9rica, Europa y Oriente Pr\u00f3ximo\u00bb.<\/p>\n<p>El acta destaca, adem\u00e1s, que \u00abambos acontecimientos re\u00fanen en torno a la literatura a los p\u00fablicos m\u00e1s variados y congregan cada a\u00f1o a cientos de miles de visitantes para fomentar entre ellos el h\u00e1bito de la lectura\u00bb, y \u00abcontribuyen decisivamente, adem\u00e1s, a fortalecer las industrias culturales y a hacerlas sostenibles\u00bb.<\/p>\n<p>&nbsp;<\/p>\n<p>Fuente:\u00a0 ABC Cultura<\/p>\n","protected":false},"excerpt":{"rendered":"<p>La Feria Internacional del Libro de Guadalajara (FIL) y el <a href=\"https:\/\/sertv.gob.pa\/crisolfm\/la-feria-del-libro-de-guadalajara-y-el-hay-festival-premio-princesa-de-asturias-de-comunicacion-2020\/\"> [&#8230;]<\/a><\/p>\n","protected":false},"author":64,"featured_media":29026,"comment_status":"closed","ping_status":"closed","sticky":false,"template":"","format":"standard","meta":{"footnotes":""},"categories":[6],"tags":[],"class_list":["post-29025","post","type-post","status-publish","format-standard","has-post-thumbnail","hentry","category-culturales"],"_links":{"self":[{"href":"https:\/\/sertv.gob.pa\/crisolfm\/wp-json\/wp\/v2\/posts\/29025","targetHints":{"allow":["GET"]}}],"collection":[{"href":"https:\/\/sertv.gob.pa\/crisolfm\/wp-json\/wp\/v2\/posts"}],"about":[{"href":"https:\/\/sertv.gob.pa\/crisolfm\/wp-json\/wp\/v2\/types\/post"}],"author":[{"embeddable":true,"href":"https:\/\/sertv.gob.pa\/crisolfm\/wp-json\/wp\/v2\/users\/64"}],"replies":[{"embeddable":true,"href":"https:\/\/sertv.gob.pa\/crisolfm\/wp-json\/wp\/v2\/comments?post=29025"}],"version-history":[{"count":1,"href":"https:\/\/sertv.gob.pa\/crisolfm\/wp-json\/wp\/v2\/posts\/29025\/revisions"}],"predecessor-version":[{"id":29027,"href":"https:\/\/sertv.gob.pa\/crisolfm\/wp-json\/wp\/v2\/posts\/29025\/revisions\/29027"}],"wp:featuredmedia":[{"embeddable":true,"href":"https:\/\/sertv.gob.pa\/crisolfm\/wp-json\/wp\/v2\/media\/29026"}],"wp:attachment":[{"href":"https:\/\/sertv.gob.pa\/crisolfm\/wp-json\/wp\/v2\/media?parent=29025"}],"wp:term":[{"taxonomy":"category","embeddable":true,"href":"https:\/\/sertv.gob.pa\/crisolfm\/wp-json\/wp\/v2\/categories?post=29025"},{"taxonomy":"post_tag","embeddable":true,"href":"https:\/\/sertv.gob.pa\/crisolfm\/wp-json\/wp\/v2\/tags?post=29025"}],"curies":[{"name":"wp","href":"https:\/\/api.w.org\/{rel}","templated":true}]}}