{"id":29032,"date":"2020-06-09T16:30:22","date_gmt":"2020-06-09T16:30:22","guid":{"rendered":"https:\/\/sertv.gob.pa\/crisolfm\/?p=29032"},"modified":"2020-06-09T16:30:22","modified_gmt":"2020-06-09T16:30:22","slug":"un-extraordinario-autorretrato-de-rembrandt-a-subasta-por-18-millones-de-euros","status":"publish","type":"post","link":"https:\/\/sertv.gob.pa\/crisolfm\/un-extraordinario-autorretrato-de-rembrandt-a-subasta-por-18-millones-de-euros\/","title":{"rendered":"Un extraordinario autorretrato de Rembrandt, a subasta por 18 millones de euros"},"content":{"rendered":"<p>Uno de los tres autorretratos de <a href=\"https:\/\/www.abc.es\/cultura\/arte\/abci-ronda-noche-rembrandt-como-nunca-antes-habias-visto-202005141358_noticia.html\" target=\"_blank\" rel=\"noopener\">Rembrandt<\/a> que permanecen en manos privadas, y el \u00fanico que sale al mercado, va a ser <strong>subastado el pr\u00f3ximo 28 de julio<\/strong> por Sotheby&#8217;s con un precio estimado que oscila entre los <strong>13 y los 18 millones <\/strong>de euros.<\/p>\n<p>En la pintura, que mide 15 cm por 20, aparece el joven maestro flamenco (26 a\u00f1os) vestido de negro con un sombrero de fieltro y un gran cuello de encaje blanco. Fechada en 1632, <strong>no se atribuy\u00f3 a Rembrandt hasta 1996<\/strong>, tras un an\u00e1lisis que demostraba que se hab\u00eda hecho en la misma madera de roble que el soporte de un retrato que el pintor hab\u00eda hecho de su <strong>amigo Maurits Huygens<\/strong>, seg\u00fan AFP.<\/p>\n<p>Hasta entonces, los due\u00f1os, los Leegenhoek, que lo adquirieron en 1970 por 650 libras, lo tuvieron<strong> colgado en una pared de la cocina<\/strong> de su casa en Par\u00eds y, posteriormente, lo llevaron a su galer\u00eda de arte. Estaban <strong>convencidos<\/strong> de que se <strong>trataba de un aut\u00e9ntico Rembrand<\/strong>t, pero no pod\u00edan probarlo, de acuerdo con The Telegraph.<\/p>\n<p>Lo presentaron a <strong>numerosos museos y coleccionistas <\/strong>que no mostraron ningun inter\u00e9s en comprarlo. Pero ellos n<strong>o cejaron en el empe\u00f1o<\/strong>. Y la insistencia recibi\u00f3 su premio cuando Peter Klein, un experto alem\u00e1n en dataci\u00f3n de madera, determin\u00f3 que se trataba del <strong>mismo \u00e1rbol del B\u00e1ltico<\/strong> que el retrato de Huygens que se encuentra en la colecci\u00f3n Kunsthalle de Hamburgo.<\/p>\n<p>Con un calendario al rev\u00e9s por la pandemia de los nuevos coronavirus, Sotheby&#8217;s ha decidido celebrar una sola noche una venta que re\u00fane m\u00e1s de <strong>500 piezas de todas las \u00e9pocas<\/strong>, desde antiguos maestros hasta contempor\u00e1neos.<\/p>\n<p>&nbsp;<\/p>\n<p>Fuente:\u00a0\u00a0 ABC Cultura<\/p>\n","protected":false},"excerpt":{"rendered":"<p>Uno de los tres autorretratos de Rembrandt que permanecen en <a href=\"https:\/\/sertv.gob.pa\/crisolfm\/un-extraordinario-autorretrato-de-rembrandt-a-subasta-por-18-millones-de-euros\/\"> [&#8230;]<\/a><\/p>\n","protected":false},"author":64,"featured_media":29033,"comment_status":"closed","ping_status":"closed","sticky":false,"template":"","format":"standard","meta":{"footnotes":""},"categories":[6],"tags":[],"class_list":["post-29032","post","type-post","status-publish","format-standard","has-post-thumbnail","hentry","category-culturales"],"_links":{"self":[{"href":"https:\/\/sertv.gob.pa\/crisolfm\/wp-json\/wp\/v2\/posts\/29032","targetHints":{"allow":["GET"]}}],"collection":[{"href":"https:\/\/sertv.gob.pa\/crisolfm\/wp-json\/wp\/v2\/posts"}],"about":[{"href":"https:\/\/sertv.gob.pa\/crisolfm\/wp-json\/wp\/v2\/types\/post"}],"author":[{"embeddable":true,"href":"https:\/\/sertv.gob.pa\/crisolfm\/wp-json\/wp\/v2\/users\/64"}],"replies":[{"embeddable":true,"href":"https:\/\/sertv.gob.pa\/crisolfm\/wp-json\/wp\/v2\/comments?post=29032"}],"version-history":[{"count":1,"href":"https:\/\/sertv.gob.pa\/crisolfm\/wp-json\/wp\/v2\/posts\/29032\/revisions"}],"predecessor-version":[{"id":29034,"href":"https:\/\/sertv.gob.pa\/crisolfm\/wp-json\/wp\/v2\/posts\/29032\/revisions\/29034"}],"wp:featuredmedia":[{"embeddable":true,"href":"https:\/\/sertv.gob.pa\/crisolfm\/wp-json\/wp\/v2\/media\/29033"}],"wp:attachment":[{"href":"https:\/\/sertv.gob.pa\/crisolfm\/wp-json\/wp\/v2\/media?parent=29032"}],"wp:term":[{"taxonomy":"category","embeddable":true,"href":"https:\/\/sertv.gob.pa\/crisolfm\/wp-json\/wp\/v2\/categories?post=29032"},{"taxonomy":"post_tag","embeddable":true,"href":"https:\/\/sertv.gob.pa\/crisolfm\/wp-json\/wp\/v2\/tags?post=29032"}],"curies":[{"name":"wp","href":"https:\/\/api.w.org\/{rel}","templated":true}]}}