{"id":29046,"date":"2020-06-09T20:22:13","date_gmt":"2020-06-09T20:22:13","guid":{"rendered":"https:\/\/sertv.gob.pa\/crisolfm\/?p=29046"},"modified":"2020-06-09T20:22:13","modified_gmt":"2020-06-09T20:22:13","slug":"muere-pau-dones-el-popular-lider-de-jarabe-de-palo-a-los-53-anos-de-cancer","status":"publish","type":"post","link":"https:\/\/sertv.gob.pa\/crisolfm\/muere-pau-dones-el-popular-lider-de-jarabe-de-palo-a-los-53-anos-de-cancer\/","title":{"rendered":"Muere Pau Don\u00e9s, el popular l\u00edder de Jarabe de Palo, a los 53 a\u00f1os de c\u00e1ncer"},"content":{"rendered":"<p><strong>Pau Don\u00e9s<\/strong>, l\u00edder de la banda <strong>Jarabe de Palo<\/strong>, nacido en la Cl\u00ednica de la Sagrada Familia de Barcelona el 11 de octubre de 1966, <strong>ha muerto hoy a los 53 a\u00f1os<\/strong>, v\u00edctima del c\u00e1ncer de c\u00f3lon que le fue diagnosticado hace cinco a\u00f1os. \u00abLa familia Don\u00e9s Cirera comunica que Pau Don\u00e9s ha fallecido el d\u00eda 9 de junio de 2020 a consecuencia del c\u00e1ncer que padec\u00eda desde agosto de 2015\u00bb, dice el mensaje subido a su cuenta oficial de Instagram.<\/p>\n<p>El l\u00edder de Jarabe de Palo sorprend\u00eda en plena pandemia del coronavirus cuando anunciaba su regreso tras m\u00e1s de un a\u00f1o retirado por el c\u00e1ncer. Podo despu\u00e9s, <strong>publicaba una canci\u00f3n dedicada a homenajear a los sanitarios<\/strong> y, a los pocos d\u00edas, adelantaba un emocionante disco que estaba inicialmente previsto para septiembre, \u00abTragas o escupes\u00bb.<\/p>\n<p>&nbsp;<\/p>\n<p>Fuente:\u00a0 ABC Cultura<\/p>\n","protected":false},"excerpt":{"rendered":"<p>Pau Don\u00e9s, l\u00edder de la banda Jarabe de Palo, nacido <a href=\"https:\/\/sertv.gob.pa\/crisolfm\/muere-pau-dones-el-popular-lider-de-jarabe-de-palo-a-los-53-anos-de-cancer\/\"> [&#8230;]<\/a><\/p>\n","protected":false},"author":64,"featured_media":29047,"comment_status":"closed","ping_status":"closed","sticky":false,"template":"","format":"standard","meta":{"footnotes":""},"categories":[6],"tags":[],"class_list":["post-29046","post","type-post","status-publish","format-standard","has-post-thumbnail","hentry","category-culturales"],"_links":{"self":[{"href":"https:\/\/sertv.gob.pa\/crisolfm\/wp-json\/wp\/v2\/posts\/29046","targetHints":{"allow":["GET"]}}],"collection":[{"href":"https:\/\/sertv.gob.pa\/crisolfm\/wp-json\/wp\/v2\/posts"}],"about":[{"href":"https:\/\/sertv.gob.pa\/crisolfm\/wp-json\/wp\/v2\/types\/post"}],"author":[{"embeddable":true,"href":"https:\/\/sertv.gob.pa\/crisolfm\/wp-json\/wp\/v2\/users\/64"}],"replies":[{"embeddable":true,"href":"https:\/\/sertv.gob.pa\/crisolfm\/wp-json\/wp\/v2\/comments?post=29046"}],"version-history":[{"count":1,"href":"https:\/\/sertv.gob.pa\/crisolfm\/wp-json\/wp\/v2\/posts\/29046\/revisions"}],"predecessor-version":[{"id":29048,"href":"https:\/\/sertv.gob.pa\/crisolfm\/wp-json\/wp\/v2\/posts\/29046\/revisions\/29048"}],"wp:featuredmedia":[{"embeddable":true,"href":"https:\/\/sertv.gob.pa\/crisolfm\/wp-json\/wp\/v2\/media\/29047"}],"wp:attachment":[{"href":"https:\/\/sertv.gob.pa\/crisolfm\/wp-json\/wp\/v2\/media?parent=29046"}],"wp:term":[{"taxonomy":"category","embeddable":true,"href":"https:\/\/sertv.gob.pa\/crisolfm\/wp-json\/wp\/v2\/categories?post=29046"},{"taxonomy":"post_tag","embeddable":true,"href":"https:\/\/sertv.gob.pa\/crisolfm\/wp-json\/wp\/v2\/tags?post=29046"}],"curies":[{"name":"wp","href":"https:\/\/api.w.org\/{rel}","templated":true}]}}