{"id":29054,"date":"2020-06-10T13:33:13","date_gmt":"2020-06-10T13:33:13","guid":{"rendered":"https:\/\/sertv.gob.pa\/crisolfm\/?p=29054"},"modified":"2020-06-10T13:33:13","modified_gmt":"2020-06-10T13:33:13","slug":"en-el-dia-mundial-de-los-oceanos-miambiente-panama-oeste-promueve-uso-de-bolsas-reutilizables","status":"publish","type":"post","link":"https:\/\/sertv.gob.pa\/crisolfm\/en-el-dia-mundial-de-los-oceanos-miambiente-panama-oeste-promueve-uso-de-bolsas-reutilizables\/","title":{"rendered":"En el d\u00eda mundial de los oc\u00e9anos MiAmbiente Panam\u00e1 Oeste promueve uso de bolsas reutilizables"},"content":{"rendered":"<p>Con el fin de concienciar a la poblaci\u00f3n sobre el impacto que tiene\u00a0la actividad humana para los oc\u00e9anos, en especial sobre el consumo de productos de pl\u00e1stico desechable, la Regional del Ministerio de Ambiente de Panam\u00e1 Oeste, efectu\u00f3 la distribuci\u00f3n de bolsas reutilizable, en ocasi\u00f3n al D\u00eda Mundial de los Oc\u00e9anos.<\/p>\n<p>Marisol Ayola, directora de la Regional, indic\u00f3 que el prop\u00f3sito de esta fecha es concienciar a la poblaci\u00f3n sobre la conducta humana ante los h\u00e1bitos de consumo y de producci\u00f3n, que generan desechos s\u00f3lidos que son las principales amenazas que acaban con la vida en los oc\u00e9anos y la p\u00e9rdida de la riqueza de sus recursos.<\/p>\n<p>Inform\u00f3 que, como medida de conservaci\u00f3n de los manglares, se est\u00e1 organizando una jornada de reforestaci\u00f3n en el manglar de Chame y en playa Chiquita en la comunidad de Puerto Caimito. Resalt\u00f3, que necesitan que\u00a0las comunidades, las empresas, medios de comunicaci\u00f3n y organismos, se involucren, y nos apoye en toda la gesti\u00f3n ambiental contemplada a desarrollar en la provincia de Panam\u00e1 Oeste, detall\u00f3 Ayola.<\/p>\n<p>Por otro lado, C\u00e1ndida Jackson, de la Secci\u00f3n de Costas y Mares de la Regional de MiAmbiente Panam\u00e1 Oeste, destac\u00f3 que una de las principales amenazas a las que se enfrentan los oc\u00e9anos es la contaminaci\u00f3n por pl\u00e1stico, ya que afectan a los peces y a los animales marinos.\u00a0 El pl\u00e1stico se va fragmentando convirti\u00e9ndose en micropart\u00edculas que con el paso del tiempo ingresa a la cadena alimentaria, poniendo en peligro la salud humana, acot\u00f3 Jackson.<\/p>\n<p>A su vez, manifest\u00f3 que Panam\u00e1 cuenta con costas en el Pacifico y Atl\u00e1ntico, dos de los m\u00e1s importante en el mundo. Estos oc\u00e9anos nos proveen de alimentos, medicamentos, ox\u00edgeno, y es econ\u00f3micamente rentable en el turismo del cual muchos pueblos en Panam\u00e1 se benefician. Es tiempo de reflexionar y colaborar para que nuestros oc\u00e9anos sigan vivos.<\/p>\n<p>No contamines tus comunidades, estas basuras siempre quedan en los oc\u00e9anos. Utilicemos de forma sostenible los productos que los oc\u00e9anos nos dan. Un oc\u00e9ano sano garantiza nuestra calidad de vida.<\/p>\n<p>&nbsp;<\/p>\n<p>Fuente:\u00a0 MiAmbiente<\/p>\n","protected":false},"excerpt":{"rendered":"<p>Con el fin de concienciar a la poblaci\u00f3n sobre el <a href=\"https:\/\/sertv.gob.pa\/crisolfm\/en-el-dia-mundial-de-los-oceanos-miambiente-panama-oeste-promueve-uso-de-bolsas-reutilizables\/\"> [&#8230;]<\/a><\/p>\n","protected":false},"author":64,"featured_media":29055,"comment_status":"closed","ping_status":"closed","sticky":false,"template":"","format":"standard","meta":{"footnotes":""},"categories":[7],"tags":[],"class_list":["post-29054","post","type-post","status-publish","format-standard","has-post-thumbnail","hentry","category-ecologicas"],"_links":{"self":[{"href":"https:\/\/sertv.gob.pa\/crisolfm\/wp-json\/wp\/v2\/posts\/29054","targetHints":{"allow":["GET"]}}],"collection":[{"href":"https:\/\/sertv.gob.pa\/crisolfm\/wp-json\/wp\/v2\/posts"}],"about":[{"href":"https:\/\/sertv.gob.pa\/crisolfm\/wp-json\/wp\/v2\/types\/post"}],"author":[{"embeddable":true,"href":"https:\/\/sertv.gob.pa\/crisolfm\/wp-json\/wp\/v2\/users\/64"}],"replies":[{"embeddable":true,"href":"https:\/\/sertv.gob.pa\/crisolfm\/wp-json\/wp\/v2\/comments?post=29054"}],"version-history":[{"count":1,"href":"https:\/\/sertv.gob.pa\/crisolfm\/wp-json\/wp\/v2\/posts\/29054\/revisions"}],"predecessor-version":[{"id":29056,"href":"https:\/\/sertv.gob.pa\/crisolfm\/wp-json\/wp\/v2\/posts\/29054\/revisions\/29056"}],"wp:featuredmedia":[{"embeddable":true,"href":"https:\/\/sertv.gob.pa\/crisolfm\/wp-json\/wp\/v2\/media\/29055"}],"wp:attachment":[{"href":"https:\/\/sertv.gob.pa\/crisolfm\/wp-json\/wp\/v2\/media?parent=29054"}],"wp:term":[{"taxonomy":"category","embeddable":true,"href":"https:\/\/sertv.gob.pa\/crisolfm\/wp-json\/wp\/v2\/categories?post=29054"},{"taxonomy":"post_tag","embeddable":true,"href":"https:\/\/sertv.gob.pa\/crisolfm\/wp-json\/wp\/v2\/tags?post=29054"}],"curies":[{"name":"wp","href":"https:\/\/api.w.org\/{rel}","templated":true}]}}