{"id":29075,"date":"2020-06-10T15:07:45","date_gmt":"2020-06-10T15:07:45","guid":{"rendered":"https:\/\/sertv.gob.pa\/crisolfm\/?p=29075"},"modified":"2020-06-10T15:07:45","modified_gmt":"2020-06-10T15:07:45","slug":"condenan-a-2-anos-de-carcel-al-arqueologo-que-falseo-grafitos-que-revolucionaban-origen-del-cristianismo","status":"publish","type":"post","link":"https:\/\/sertv.gob.pa\/crisolfm\/condenan-a-2-anos-de-carcel-al-arqueologo-que-falseo-grafitos-que-revolucionaban-origen-del-cristianismo\/","title":{"rendered":"Condenan a 2 a\u00f1os de c\u00e1rcel al arque\u00f3logo que false\u00f3 grafitos que revolucionaban origen del cristianismo"},"content":{"rendered":"<p>El Juzgado de lo Penal n\u00famero 1 de Vitoria ha condenado al arque\u00f3logo <strong>Eliseo Gil <\/strong>a dos a\u00f1os, tres meses de c\u00e1rcel por el caso de las falsificaciones de grafitos en el yacimiento alav\u00e9s de <strong>Iru\u00f1a-Veleia<\/strong>. Unas piezas que fueron catalogadas de \u00abextraordinarias\u00bb porque no solo adelantaban varios siglos la aparici\u00f3n de la lengua vasca, sino que supon\u00edan adem\u00e1s una revoluci\u00f3n en el cristianismo al aparecer en ellas la<strong> primera representaci\u00f3n de Jes\u00fas de Nazaret en la cruz<\/strong>.<\/p>\n<p>La sala entiende que Gil incurri\u00f3 los delitos continuado de falsedad documental y de estafa, por lo que le condena a un total de dos a\u00f1os, tres meses y 23 d\u00edas de c\u00e1rcel. Adem\u00e1s, deber\u00e1 abonar a la Diputaci\u00f3n Foral de \u00c1lava la cantidad de 12.562 euros m\u00e1s intereses legales, as\u00ed como las tres sextas partes de las costas.<\/p>\n<p>Tambi\u00e9n ha sido condenado a Rub\u00e9n Cerd\u00e1n, el supuesto f\u00edsico nuclear que elabor\u00f3 los informes que <strong>avalaban la autenticidad de los hallazgos<\/strong>, a un a\u00f1o, tres meses y 23 d\u00edas de c\u00e1rcel por otro delito continuado de estafa en concurso con un delito continuado de falsedad en documento privado.<\/p>\n<p>El tribunal ha considerado probado entre 2005 y 2006, Eliseo Gil, \u00abbien por s\u00ed o bien por medio de terceras personas\u00bb, realiz\u00f3 \u00abincisiones\u00bb para dotar de diversas inscripciones en 36 piezas arqueol\u00f3gicas tardo-romanas aut\u00e9nticas de cer\u00e1mica. Todo ello, \u00abcon la intenci\u00f3n de dotar a los hallazgos de yacimiento de un pretendido <strong>valor hist\u00f3rico-cultural-religioso<\/strong> que no ten\u00edan\u00bb, sentencia.<\/p>\n<p>El juzgado a\u00f1ade que, con la finalidad de conferir a las piezas arqueol\u00f3gicas esa \u00abtrazabilidad que no ten\u00edan\u00bb y <strong>\u00aba sabiendas de la falsedad de los grafitos\u00bb<\/strong>, Gil se concert\u00f3 con Rub\u00e9n Cerd\u00e1n \u00abpara la realizaci\u00f3n de alg\u00fan informe que pudiera corroborar la apariencia de autenticidad de que los grafitos que presentaban las piezas\u00bb.<\/p>\n<p>Con esta finalidad, convinieron que los informes versaran sobre la continuidad de la p\u00e1tina superficial por tasa de cationes de las piezas arqueol\u00f3gicas que presentaban los considerados como grafitos excepcionales por Gil.<\/p>\n<p>&nbsp;<\/p>\n<p>Fuente:\u00a0 ABC Cultura<\/p>\n","protected":false},"excerpt":{"rendered":"<p>El Juzgado de lo Penal n\u00famero 1 de Vitoria ha <a href=\"https:\/\/sertv.gob.pa\/crisolfm\/condenan-a-2-anos-de-carcel-al-arqueologo-que-falseo-grafitos-que-revolucionaban-origen-del-cristianismo\/\"> [&#8230;]<\/a><\/p>\n","protected":false},"author":64,"featured_media":29076,"comment_status":"closed","ping_status":"closed","sticky":false,"template":"","format":"standard","meta":{"footnotes":""},"categories":[6],"tags":[],"class_list":["post-29075","post","type-post","status-publish","format-standard","has-post-thumbnail","hentry","category-culturales"],"_links":{"self":[{"href":"https:\/\/sertv.gob.pa\/crisolfm\/wp-json\/wp\/v2\/posts\/29075","targetHints":{"allow":["GET"]}}],"collection":[{"href":"https:\/\/sertv.gob.pa\/crisolfm\/wp-json\/wp\/v2\/posts"}],"about":[{"href":"https:\/\/sertv.gob.pa\/crisolfm\/wp-json\/wp\/v2\/types\/post"}],"author":[{"embeddable":true,"href":"https:\/\/sertv.gob.pa\/crisolfm\/wp-json\/wp\/v2\/users\/64"}],"replies":[{"embeddable":true,"href":"https:\/\/sertv.gob.pa\/crisolfm\/wp-json\/wp\/v2\/comments?post=29075"}],"version-history":[{"count":1,"href":"https:\/\/sertv.gob.pa\/crisolfm\/wp-json\/wp\/v2\/posts\/29075\/revisions"}],"predecessor-version":[{"id":29077,"href":"https:\/\/sertv.gob.pa\/crisolfm\/wp-json\/wp\/v2\/posts\/29075\/revisions\/29077"}],"wp:featuredmedia":[{"embeddable":true,"href":"https:\/\/sertv.gob.pa\/crisolfm\/wp-json\/wp\/v2\/media\/29076"}],"wp:attachment":[{"href":"https:\/\/sertv.gob.pa\/crisolfm\/wp-json\/wp\/v2\/media?parent=29075"}],"wp:term":[{"taxonomy":"category","embeddable":true,"href":"https:\/\/sertv.gob.pa\/crisolfm\/wp-json\/wp\/v2\/categories?post=29075"},{"taxonomy":"post_tag","embeddable":true,"href":"https:\/\/sertv.gob.pa\/crisolfm\/wp-json\/wp\/v2\/tags?post=29075"}],"curies":[{"name":"wp","href":"https:\/\/api.w.org\/{rel}","templated":true}]}}