{"id":29085,"date":"2020-06-10T17:18:26","date_gmt":"2020-06-10T17:18:26","guid":{"rendered":"https:\/\/sertv.gob.pa\/crisolfm\/?p=29085"},"modified":"2020-06-10T17:18:26","modified_gmt":"2020-06-10T17:18:26","slug":"hallan-en-granja-obra-robada-de-banksy-en-homenaje-a-victimas-de-bataclan-de-paris","status":"publish","type":"post","link":"https:\/\/sertv.gob.pa\/crisolfm\/hallan-en-granja-obra-robada-de-banksy-en-homenaje-a-victimas-de-bataclan-de-paris\/","title":{"rendered":"Hallan en granja obra robada de Banksy en homenaje a v\u00edctimas de Bataclan de Par\u00eds"},"content":{"rendered":"<p><strong>Una obra de arte<\/strong> atribuida a <a href=\"https:\/\/www.abc.es\/cultura\/arte\/abci-banksy-pide-volver-poner-estatua-colston-bristol-modificada-202006092152_noticia.html\" target=\"_blank\" rel=\"noopener\">Banksy<\/a>, un homenaje a las v\u00edctimas de los ataques de noviembre de 2015 en Par\u00eds que fue robada en 2019, ha sido encontrada por la polic\u00eda italiana en la regi\u00f3n de Abruzos.<\/p>\n<p>\u00abRecuperamos<strong> la puerta robada en Bataclan <\/strong>con un trabajo de Banksy que representa a una ni\u00f1a triste\u00bb, ha afirmado un alto oficial de polic\u00eda en Teramo, en el centro del pa\u00eds. La operaci\u00f3n en el pa\u00eds alpino se inici\u00f3 <strong>a petici\u00f3n de la polic\u00eda francesa <\/strong>y se ha llevado a cabo en su presencia, seg\u00fan ha precisado el funcionario.<\/p>\n<p><strong>Ma\u00f1ana <\/strong>est\u00e1 programada una <strong>conferencia de prensa<\/strong> del fiscal de L&#8217;Aquila, la capital de la regi\u00f3n de Abruzos donde se ha encontrado la pieza.<\/p>\n<p>Esta obra del artista callejero fue pintada en una puerta trasera de la sala de espect\u00e1culos parisina de Bataclan, en forma de homenaje al lugar donde <a href=\"https:\/\/www.abc.es\/internacional\/abci-francia-juzgara-20-encausados-atentados-bataclan-y-terrazas-2015-202003170215_noticia.html\" target=\"_blank\" rel=\"noopener\">murieron 90 personas el 13 de noviembre <\/a>de 2015, durante una serie de <strong>ataques yihadistas <\/strong>que golpearon a Par\u00eds. La pieza hab\u00eda sido <strong>robada en enero de 2019<\/strong>.<\/p>\n<p>Seg\u00fan el diario La Repubblica, que cuenta con declaraciones del fiscal de L&#8217;Aquila, la puerta <strong>se encontraba en una granja <\/strong>en el campo de Abruzo.<\/p>\n<p>La operaci\u00f3n se realiz\u00f3 en una b\u00fasqueda ordenada por la fiscal\u00eda y este descubrimiento \u00abfue posible gracias a las investigaciones de la fiscal\u00eda en<strong> colaboraci\u00f3n con la polic\u00eda y la justicia francesas<\/strong>\u00bb, ha afirmado el fiscal en el peri\u00f3dico.<\/p>\n<p>Hecho con una plantilla y pintura blanca, el trabajo atribuido a Banksy representa un personaje<strong> femenino de aspecto triste <\/strong>y estaba pintado en una de las salidas de emergencia, ubicada en la <strong>parte de atr\u00e1s de Bataclan<\/strong>, por la que <strong>muchos espectadores <\/strong>del concierto de Eagles de Death Metal<strong> hab\u00edan escapado<\/strong> durante el ataque terrorista.<\/p>\n<p>Este robo despert\u00f3 una <strong>\u00abprofunda indignaci\u00f3n\u00bb<\/strong>, en palabras del equipo Bataclan. Este \u00abnos quitaron el s\u00edmbolo de todos, residentes, parisinos, ciudadanos del mundo nos fue quitado\u00bb, se lamentaba entonces con un pa\u00eds profundamente marcado por el brutal atentado.<\/p>\n<p>&nbsp;<\/p>\n<p>Fuente:\u00a0\u00a0 ABC Cultura<\/p>\n","protected":false},"excerpt":{"rendered":"<p>Una obra de arte atribuida a Banksy, un homenaje a <a href=\"https:\/\/sertv.gob.pa\/crisolfm\/hallan-en-granja-obra-robada-de-banksy-en-homenaje-a-victimas-de-bataclan-de-paris\/\"> [&#8230;]<\/a><\/p>\n","protected":false},"author":64,"featured_media":29086,"comment_status":"closed","ping_status":"closed","sticky":false,"template":"","format":"standard","meta":{"footnotes":""},"categories":[6],"tags":[],"class_list":["post-29085","post","type-post","status-publish","format-standard","has-post-thumbnail","hentry","category-culturales"],"_links":{"self":[{"href":"https:\/\/sertv.gob.pa\/crisolfm\/wp-json\/wp\/v2\/posts\/29085","targetHints":{"allow":["GET"]}}],"collection":[{"href":"https:\/\/sertv.gob.pa\/crisolfm\/wp-json\/wp\/v2\/posts"}],"about":[{"href":"https:\/\/sertv.gob.pa\/crisolfm\/wp-json\/wp\/v2\/types\/post"}],"author":[{"embeddable":true,"href":"https:\/\/sertv.gob.pa\/crisolfm\/wp-json\/wp\/v2\/users\/64"}],"replies":[{"embeddable":true,"href":"https:\/\/sertv.gob.pa\/crisolfm\/wp-json\/wp\/v2\/comments?post=29085"}],"version-history":[{"count":1,"href":"https:\/\/sertv.gob.pa\/crisolfm\/wp-json\/wp\/v2\/posts\/29085\/revisions"}],"predecessor-version":[{"id":29087,"href":"https:\/\/sertv.gob.pa\/crisolfm\/wp-json\/wp\/v2\/posts\/29085\/revisions\/29087"}],"wp:featuredmedia":[{"embeddable":true,"href":"https:\/\/sertv.gob.pa\/crisolfm\/wp-json\/wp\/v2\/media\/29086"}],"wp:attachment":[{"href":"https:\/\/sertv.gob.pa\/crisolfm\/wp-json\/wp\/v2\/media?parent=29085"}],"wp:term":[{"taxonomy":"category","embeddable":true,"href":"https:\/\/sertv.gob.pa\/crisolfm\/wp-json\/wp\/v2\/categories?post=29085"},{"taxonomy":"post_tag","embeddable":true,"href":"https:\/\/sertv.gob.pa\/crisolfm\/wp-json\/wp\/v2\/tags?post=29085"}],"curies":[{"name":"wp","href":"https:\/\/api.w.org\/{rel}","templated":true}]}}