{"id":29091,"date":"2020-06-10T18:48:04","date_gmt":"2020-06-10T18:48:04","guid":{"rendered":"https:\/\/sertv.gob.pa\/crisolfm\/?p=29091"},"modified":"2020-06-12T15:32:34","modified_gmt":"2020-06-12T15:32:34","slug":"sertv-panama-firma-alianza-con-rtve","status":"publish","type":"post","link":"https:\/\/sertv.gob.pa\/crisolfm\/sertv-panama-firma-alianza-con-rtve\/","title":{"rendered":"SERTV Panam\u00e1 firma alianza con RTVE"},"content":{"rendered":"<p>A trav\u00e9s de nota de prensa, se dio a conocer que autoridades del Sistema de Radio y Televisi\u00f3n (SERTV) y la Corporaci\u00f3n de Radio y Televisi\u00f3n Espa\u00f1ola, Sociedad An\u00f3nima, S.M.E. (RTVE), firmaron un convenio de colaboraci\u00f3n.<\/p>\n<p>Para este acuerdo, se cont\u00f3 con la firma de la directora general de SERTV, Giselle Gonz\u00e1lez Villaru\u00e9, y el director general corporativo de RTVE,\u00a0Federico Montero Hita.<\/p>\n<p>Es importante enfatizar, que gracias a esta alianza, el Sistema Estatal de Radio y Televisi\u00f3n, emitir\u00e1 en la franja\u00a0\u201cprime time\u201d, contenidos como la serie: \u201cIsabel\u201d, \u201cUCO\u201d, \u201cCarlos, Rey Emperador\u201d.<\/p>\n<p>Tambi\u00e9n se ver\u00e1 \u201c200, Una Noche en El Prado\u201d, un documental que muestra uno de los museos de mayor importancia a nivel mundial.<\/p>\n<p>Adem\u00e1s, \u201cEl Reina, arte entre latidos\u201d, aqu\u00ed se observar\u00e1 latidos de m\u00e1s de 200 obras de autores, entre estos: Pablo Picasso, \u00c1ngeles Santos, Salvador Dal\u00ed, y otros.<\/p>\n<p>Con esta alianza, SERTV mantiene su esfuerzo de llevar a su p\u00fablico producciones de alta calidad.<\/p>\n<p>Fuente: SERTV<\/p>\n<p>&nbsp;<\/p>\n","protected":false},"excerpt":{"rendered":"<p>A trav\u00e9s de nota de prensa, se dio a conocer <a href=\"https:\/\/sertv.gob.pa\/crisolfm\/sertv-panama-firma-alianza-con-rtve\/\"> [&#8230;]<\/a><\/p>\n","protected":false},"author":64,"featured_media":29177,"comment_status":"closed","ping_status":"closed","sticky":false,"template":"","format":"standard","meta":{"footnotes":""},"categories":[6],"tags":[],"class_list":["post-29091","post","type-post","status-publish","format-standard","has-post-thumbnail","hentry","category-culturales"],"_links":{"self":[{"href":"https:\/\/sertv.gob.pa\/crisolfm\/wp-json\/wp\/v2\/posts\/29091","targetHints":{"allow":["GET"]}}],"collection":[{"href":"https:\/\/sertv.gob.pa\/crisolfm\/wp-json\/wp\/v2\/posts"}],"about":[{"href":"https:\/\/sertv.gob.pa\/crisolfm\/wp-json\/wp\/v2\/types\/post"}],"author":[{"embeddable":true,"href":"https:\/\/sertv.gob.pa\/crisolfm\/wp-json\/wp\/v2\/users\/64"}],"replies":[{"embeddable":true,"href":"https:\/\/sertv.gob.pa\/crisolfm\/wp-json\/wp\/v2\/comments?post=29091"}],"version-history":[{"count":1,"href":"https:\/\/sertv.gob.pa\/crisolfm\/wp-json\/wp\/v2\/posts\/29091\/revisions"}],"predecessor-version":[{"id":29093,"href":"https:\/\/sertv.gob.pa\/crisolfm\/wp-json\/wp\/v2\/posts\/29091\/revisions\/29093"}],"wp:featuredmedia":[{"embeddable":true,"href":"https:\/\/sertv.gob.pa\/crisolfm\/wp-json\/wp\/v2\/media\/29177"}],"wp:attachment":[{"href":"https:\/\/sertv.gob.pa\/crisolfm\/wp-json\/wp\/v2\/media?parent=29091"}],"wp:term":[{"taxonomy":"category","embeddable":true,"href":"https:\/\/sertv.gob.pa\/crisolfm\/wp-json\/wp\/v2\/categories?post=29091"},{"taxonomy":"post_tag","embeddable":true,"href":"https:\/\/sertv.gob.pa\/crisolfm\/wp-json\/wp\/v2\/tags?post=29091"}],"curies":[{"name":"wp","href":"https:\/\/api.w.org\/{rel}","templated":true}]}}