{"id":29097,"date":"2020-06-10T19:34:07","date_gmt":"2020-06-10T19:34:07","guid":{"rendered":"https:\/\/sertv.gob.pa\/crisolfm\/?p=29097"},"modified":"2020-06-10T19:34:07","modified_gmt":"2020-06-10T19:34:07","slug":"empezaran-a-producir-primera-mascarilla-quirurgica-enteramente-transparente-2","status":"publish","type":"post","link":"https:\/\/sertv.gob.pa\/crisolfm\/empezaran-a-producir-primera-mascarilla-quirurgica-enteramente-transparente-2\/","title":{"rendered":"Empezar\u00e1n a producir primera mascarilla quir\u00fargica enteramente transparente"},"content":{"rendered":"<p>La <strong>primera mascarilla o tapabocas enteramente transparente<\/strong> ha quedado <strong>lista para entrar en fase de producci\u00f3n,<\/strong> anunci\u00f3 la Escuela Polit\u00e9cnica Federal de Lausana (EPFL), donde se desarroll\u00f3 esta invenci\u00f3n que estar\u00e1 destinada en una primera etapa al personal sanitario.<\/p>\n<p>La instituci\u00f3n acad\u00e9mica y de innovaci\u00f3n suiza trabajaba <strong>desde hace dos a\u00f1os en esta mascarilla<\/strong> y la e<strong>tapa final de su desarrollo coincidi\u00f3 <\/strong>con la <strong>pandemia de coronavirus<\/strong>, lo que hecho que su <strong>utilidad sea todav\u00eda m\u00e1s relevante <\/strong>y la <strong>financiaci\u00f3n para comenzar su producci\u00f3n<\/strong> haya sido f\u00e1cil de obtener.<\/p>\n<p><strong>Encontrar el material adecuado ha sido uno de los escollos <\/strong>m\u00e1s importantes que tuvo que superarse. Para esto el EPFL acudi\u00f3 al Centro de Investigaci\u00f3n de Materiales de Suiza y en conjunto desarrollaron un material compuesto en gran parte de biomasa.<\/p>\n<p>El <strong>prop\u00f3sito del nuevo producto es mejorar la relaci\u00f3n<\/strong> entre el <strong>personal m\u00e9dico y los pacientes<\/strong>, en <strong>particular grupos fr\u00e1giles<\/strong> como ni\u00f1os, ancianos y personas discapacitadas.<\/p>\n<p>El EPFL relata en un comunicado que la inspiraci\u00f3n inicial provino de una antigua contadora de cuentos activa en el Hospital de Ginebra, quien lamentaba que los ni\u00f1os gravemente enfermos, y en presencia de los cuales el uso de una mascarilla era obligatorio, no pudieran ver las expresiones de su rostro.<\/p>\n<p>El p<strong>royecto fue presentado por dos cient\u00edficos<\/strong> del EPFL al director de uno de sus centros de tecnolog\u00eda, Klaus Schonenberger, quien fue especialmente sensible a la<strong> idea por la experiencia que hab\u00eda tenido <\/strong>en el contexto de la <strong>lucha contra la epidemia de \u00e9bola <\/strong>de <strong>2015 en \u00c1frica <\/strong>occidental.<\/p>\n<p>Aunque una simple b\u00fasqueda en internet puede dar como resultado numerosos sitios que venden mascarillas transparentes en todos los casos se trata de una parte de pl\u00e1stico integrada en una tradicional, a lo que se agrega que utilizan un tipo de pol\u00edmero sint\u00e9tico que impide respirar bien y produce vaho.<\/p>\n<p><strong>Despu\u00e9s de dos a\u00f1os de estudios y pruebas<\/strong>, los participantes en el proyecto del EPFL<strong> dieron con un tipo de pol\u00edmero<\/strong> a partir del cual <strong>crearon una membrana <\/strong>en el que las<strong> fibras est\u00e1n unidas <\/strong>de tal manera que <strong>dejan espacios de 100 nan\u00f3metros <\/strong>(igual que en las mascarillas quir\u00fargicas) que <strong>dejan pasar el aire<\/strong>, pero <strong>filtran los virus y bacterias.<\/strong><\/p>\n<p>Frente a la preocupaci\u00f3n ecol\u00f3gica que provoca el hecho de que, como las quir\u00fargicas, estas mascarillas transparentes tambi\u00e9n tendr\u00e1n un solo uso, el EFPL precis\u00f3 que el 99 de los materiales utilizados son derivados de biomasa y que se sigue trabajando para que sean totalmente ecocompatibles.<\/p>\n<p>Fuente:\u00a0\u00a0 EFE<\/p>\n","protected":false},"excerpt":{"rendered":"<p>La primera mascarilla o tapabocas enteramente transparente ha quedado lista <a href=\"https:\/\/sertv.gob.pa\/crisolfm\/empezaran-a-producir-primera-mascarilla-quirurgica-enteramente-transparente-2\/\"> [&#8230;]<\/a><\/p>\n","protected":false},"author":64,"featured_media":29098,"comment_status":"closed","ping_status":"closed","sticky":false,"template":"","format":"standard","meta":{"footnotes":""},"categories":[9],"tags":[],"class_list":["post-29097","post","type-post","status-publish","format-standard","has-post-thumbnail","hentry","category-varios"],"_links":{"self":[{"href":"https:\/\/sertv.gob.pa\/crisolfm\/wp-json\/wp\/v2\/posts\/29097","targetHints":{"allow":["GET"]}}],"collection":[{"href":"https:\/\/sertv.gob.pa\/crisolfm\/wp-json\/wp\/v2\/posts"}],"about":[{"href":"https:\/\/sertv.gob.pa\/crisolfm\/wp-json\/wp\/v2\/types\/post"}],"author":[{"embeddable":true,"href":"https:\/\/sertv.gob.pa\/crisolfm\/wp-json\/wp\/v2\/users\/64"}],"replies":[{"embeddable":true,"href":"https:\/\/sertv.gob.pa\/crisolfm\/wp-json\/wp\/v2\/comments?post=29097"}],"version-history":[{"count":1,"href":"https:\/\/sertv.gob.pa\/crisolfm\/wp-json\/wp\/v2\/posts\/29097\/revisions"}],"predecessor-version":[{"id":29099,"href":"https:\/\/sertv.gob.pa\/crisolfm\/wp-json\/wp\/v2\/posts\/29097\/revisions\/29099"}],"wp:featuredmedia":[{"embeddable":true,"href":"https:\/\/sertv.gob.pa\/crisolfm\/wp-json\/wp\/v2\/media\/29098"}],"wp:attachment":[{"href":"https:\/\/sertv.gob.pa\/crisolfm\/wp-json\/wp\/v2\/media?parent=29097"}],"wp:term":[{"taxonomy":"category","embeddable":true,"href":"https:\/\/sertv.gob.pa\/crisolfm\/wp-json\/wp\/v2\/categories?post=29097"},{"taxonomy":"post_tag","embeddable":true,"href":"https:\/\/sertv.gob.pa\/crisolfm\/wp-json\/wp\/v2\/tags?post=29097"}],"curies":[{"name":"wp","href":"https:\/\/api.w.org\/{rel}","templated":true}]}}