{"id":29113,"date":"2020-06-11T14:00:52","date_gmt":"2020-06-11T14:00:52","guid":{"rendered":"https:\/\/sertv.gob.pa\/crisolfm\/?p=29113"},"modified":"2020-06-11T14:00:52","modified_gmt":"2020-06-11T14:00:52","slug":"para-eliminar-la-basura-marina-y-terrestre-existe-una-responsabilidad-compartida-afirma-ministro-milciades-concepcion","status":"publish","type":"post","link":"https:\/\/sertv.gob.pa\/crisolfm\/para-eliminar-la-basura-marina-y-terrestre-existe-una-responsabilidad-compartida-afirma-ministro-milciades-concepcion\/","title":{"rendered":"Para eliminar la basura marina y terrestre existe una responsabilidad compartida, afirma ministro Milciades Concepci\u00f3n"},"content":{"rendered":"<p>El ambiente se ha recuperado moment\u00e1neamente con la crisis, pero al volver a la normalizaci\u00f3n se incrementar\u00e1 el nivel de la contaminaci\u00f3n.\u00a0 Hemos visto que, con la situaci\u00f3n de la pandemia, el aire ten\u00eda menos CO2 porque hab\u00eda disminuido la cantidad de transporte, bajado el ruido y las afectaciones, pero cuando termine este periodo, la huella ecol\u00f3gica sube, manifest\u00f3 Milciades Concepci\u00f3n, ministro de Ambiente.<\/p>\n<p>Al ser entrevistado por el programa \u201cYo Me Informo\u201d, por SERTV, el ministro Concepci\u00f3n se refiri\u00f3 a los distintos tipos de contaminaci\u00f3n existentes en el pa\u00eds y a los proyectos que se llevan adelante con el prop\u00f3sito de mejorar las condiciones ambientales y sanidad en las comunidades.\u00a0 En principio, recalc\u00f3 que es responsabilidad de todos; \u201ces un equipo solidario proteger los recursos naturales\u201d y temi\u00f3 que, al volver a la vida normal, tras la pandemia, se regrese a la contaminaci\u00f3n.<\/p>\n<p>El ministro de Ambiente resalt\u00f3 que los suelos marinos y r\u00edos se est\u00e1n llenando de mascarillas y guantes, como elementos nuevos en los desechos y hay que disponer de la basura.\u00a0 Insisti\u00f3 en la necesidad de ser conscientes y solidarios en el seguimiento de las normas ambientales.<\/p>\n<p>Con relaci\u00f3n al problema de contaminaci\u00f3n de las costas y mares por efecto de la mala disposici\u00f3n de los desechos, hizo la aclaraci\u00f3n que esa carga de basura no solo viene por los barcos y comunidades que viven en las costas, sino que igualmente de sectores que viven m\u00e1s alejados y que depositan sus residuos en calles, quebradas y r\u00edos.\u00a0 Por eso, se trabaja con el Programa de las Naciones Unidas para el Desarrollo (PNUD) y otras instituciones en una pol\u00edtica de basura marina.<\/p>\n<p>Explic\u00f3 el ministro que junto al PNUD y otras instituciones con competencias en el sector marino, se logra formular los elementos de esta pol\u00edtica; que ser\u00e1 integral con la finalidad de librar los suelos oce\u00e1nicos de este tipo de contaminaci\u00f3n.\u00a0 Al eliminar este problema, se lograr\u00e1 un mejor uso sostenible del recurso y beneficiar\u00e1 las diferentes actividades productivas que provienen del mar.<\/p>\n<p>\u201cCada uno tiene que ser consciente del cuidado del entorno\u201d, expres\u00f3 el ministro al referirse a la situaci\u00f3n del manejo de los residuos en las comunidades y la contaminaci\u00f3n que se produce por disposici\u00f3n de desechos en pr\u00e1cticamente todas las comunidades.\u00a0 \u201cEs integral y la parte terrestre es vital.\u00a0 Con la lluvia, todos los desechos van a terminar a los mares\u201d, insisti\u00f3.<\/p>\n<p>As\u00ed mismo inform\u00f3 que MiAmbiente pertenece a la directiva de la Autoridad de Aseo y se trabaja en un plan que atender\u00e1 todos los distritos y en especial en la ciudad de Panam\u00e1, San Miguelito, Panam\u00e1 Oeste y Col\u00f3n.\u00a0 \u201cNos estamos reuniendo con empresas que ayudan a resolver los problemas.\u00a0 Hay voluntad de hacerlo y tenemos que ponernos de acuerdos todos los paname\u00f1os.\u00a0 Si no hubiera esta situaci\u00f3n actual, habr\u00edamos avanzado en los diferentes municipios.\u201d<\/p>\n<p>&nbsp;<\/p>\n<p>Fuente:\u00a0 MiAmbiente<\/p>\n","protected":false},"excerpt":{"rendered":"<p>El ambiente se ha recuperado moment\u00e1neamente con la crisis, pero <a href=\"https:\/\/sertv.gob.pa\/crisolfm\/para-eliminar-la-basura-marina-y-terrestre-existe-una-responsabilidad-compartida-afirma-ministro-milciades-concepcion\/\"> [&#8230;]<\/a><\/p>\n","protected":false},"author":64,"featured_media":29116,"comment_status":"closed","ping_status":"closed","sticky":false,"template":"","format":"standard","meta":{"footnotes":""},"categories":[7],"tags":[],"class_list":["post-29113","post","type-post","status-publish","format-standard","has-post-thumbnail","hentry","category-ecologicas"],"_links":{"self":[{"href":"https:\/\/sertv.gob.pa\/crisolfm\/wp-json\/wp\/v2\/posts\/29113","targetHints":{"allow":["GET"]}}],"collection":[{"href":"https:\/\/sertv.gob.pa\/crisolfm\/wp-json\/wp\/v2\/posts"}],"about":[{"href":"https:\/\/sertv.gob.pa\/crisolfm\/wp-json\/wp\/v2\/types\/post"}],"author":[{"embeddable":true,"href":"https:\/\/sertv.gob.pa\/crisolfm\/wp-json\/wp\/v2\/users\/64"}],"replies":[{"embeddable":true,"href":"https:\/\/sertv.gob.pa\/crisolfm\/wp-json\/wp\/v2\/comments?post=29113"}],"version-history":[{"count":1,"href":"https:\/\/sertv.gob.pa\/crisolfm\/wp-json\/wp\/v2\/posts\/29113\/revisions"}],"predecessor-version":[{"id":29117,"href":"https:\/\/sertv.gob.pa\/crisolfm\/wp-json\/wp\/v2\/posts\/29113\/revisions\/29117"}],"wp:featuredmedia":[{"embeddable":true,"href":"https:\/\/sertv.gob.pa\/crisolfm\/wp-json\/wp\/v2\/media\/29116"}],"wp:attachment":[{"href":"https:\/\/sertv.gob.pa\/crisolfm\/wp-json\/wp\/v2\/media?parent=29113"}],"wp:term":[{"taxonomy":"category","embeddable":true,"href":"https:\/\/sertv.gob.pa\/crisolfm\/wp-json\/wp\/v2\/categories?post=29113"},{"taxonomy":"post_tag","embeddable":true,"href":"https:\/\/sertv.gob.pa\/crisolfm\/wp-json\/wp\/v2\/tags?post=29113"}],"curies":[{"name":"wp","href":"https:\/\/api.w.org\/{rel}","templated":true}]}}