{"id":29120,"date":"2020-06-11T14:23:22","date_gmt":"2020-06-11T14:23:22","guid":{"rendered":"https:\/\/sertv.gob.pa\/crisolfm\/?p=29120"},"modified":"2020-06-11T14:23:22","modified_gmt":"2020-06-11T14:23:22","slug":"acciones-en-el-marco-del-mes-de-los-recursos-naturales-realizan-los-santos-y-colon","status":"publish","type":"post","link":"https:\/\/sertv.gob.pa\/crisolfm\/acciones-en-el-marco-del-mes-de-los-recursos-naturales-realizan-los-santos-y-colon\/","title":{"rendered":"Acciones en el marco del mes de los recursos naturales realizan Los Santos y Col\u00f3n"},"content":{"rendered":"<p>Pocos paname\u00f1os son conocedores de la importancia de mes de junio para la naturaleza. Este es el mes asignado para la celebrar los recursos naturales en todo el pa\u00eds.<\/p>\n<p>Por ello, el Ministerio de Ambiente en sus diferentes direcciones regionales realizan actividades tendientes a resaltar acciones para promover la importancia de preservar nuestros recursos.<\/p>\n<p>En la Direcci\u00f3n Regional de la provincia de Los Santos, fue efectuada la entrega de una donaci\u00f3n de plantones de especies forestales nativas al Ministerio de Comercio e Industrias de esta provincia para apoyar la\u00a0reforestaci\u00f3n de la misma.<\/p>\n<p>Mientras que la Direcci\u00f3n regional de Col\u00f3n realiz\u00f3 arborizaci\u00f3n en el Paisaje Protegido Isla Galeta, con la participaci\u00f3n de la directora regional Griselda Mart\u00ednez, t\u00e9cnicos, guardaparque y voluntarios ambientales. En el \u00e1rea fueron plantados 50 plantones de especies ornamentales y forestales.<\/p>\n<p>&nbsp;<\/p>\n<p>Fuente:\u00a0 MiAmbiente<\/p>\n<p>&nbsp;<\/p>\n","protected":false},"excerpt":{"rendered":"<p>Pocos paname\u00f1os son conocedores de la importancia de mes de <a href=\"https:\/\/sertv.gob.pa\/crisolfm\/acciones-en-el-marco-del-mes-de-los-recursos-naturales-realizan-los-santos-y-colon\/\"> [&#8230;]<\/a><\/p>\n","protected":false},"author":64,"featured_media":29121,"comment_status":"closed","ping_status":"closed","sticky":false,"template":"","format":"standard","meta":{"footnotes":""},"categories":[7],"tags":[],"class_list":["post-29120","post","type-post","status-publish","format-standard","has-post-thumbnail","hentry","category-ecologicas"],"_links":{"self":[{"href":"https:\/\/sertv.gob.pa\/crisolfm\/wp-json\/wp\/v2\/posts\/29120","targetHints":{"allow":["GET"]}}],"collection":[{"href":"https:\/\/sertv.gob.pa\/crisolfm\/wp-json\/wp\/v2\/posts"}],"about":[{"href":"https:\/\/sertv.gob.pa\/crisolfm\/wp-json\/wp\/v2\/types\/post"}],"author":[{"embeddable":true,"href":"https:\/\/sertv.gob.pa\/crisolfm\/wp-json\/wp\/v2\/users\/64"}],"replies":[{"embeddable":true,"href":"https:\/\/sertv.gob.pa\/crisolfm\/wp-json\/wp\/v2\/comments?post=29120"}],"version-history":[{"count":1,"href":"https:\/\/sertv.gob.pa\/crisolfm\/wp-json\/wp\/v2\/posts\/29120\/revisions"}],"predecessor-version":[{"id":29122,"href":"https:\/\/sertv.gob.pa\/crisolfm\/wp-json\/wp\/v2\/posts\/29120\/revisions\/29122"}],"wp:featuredmedia":[{"embeddable":true,"href":"https:\/\/sertv.gob.pa\/crisolfm\/wp-json\/wp\/v2\/media\/29121"}],"wp:attachment":[{"href":"https:\/\/sertv.gob.pa\/crisolfm\/wp-json\/wp\/v2\/media?parent=29120"}],"wp:term":[{"taxonomy":"category","embeddable":true,"href":"https:\/\/sertv.gob.pa\/crisolfm\/wp-json\/wp\/v2\/categories?post=29120"},{"taxonomy":"post_tag","embeddable":true,"href":"https:\/\/sertv.gob.pa\/crisolfm\/wp-json\/wp\/v2\/tags?post=29120"}],"curies":[{"name":"wp","href":"https:\/\/api.w.org\/{rel}","templated":true}]}}