{"id":29123,"date":"2020-06-11T15:00:05","date_gmt":"2020-06-11T15:00:05","guid":{"rendered":"https:\/\/sertv.gob.pa\/crisolfm\/?p=29123"},"modified":"2020-06-11T15:00:05","modified_gmt":"2020-06-11T15:00:05","slug":"primera-feria-virtual-de-artistas-visuales-realiza-micultura","status":"publish","type":"post","link":"https:\/\/sertv.gob.pa\/crisolfm\/primera-feria-virtual-de-artistas-visuales-realiza-micultura\/","title":{"rendered":"Primera feria virtual de artistas visuales realiza MiCultura"},"content":{"rendered":"<p>El Ministerio de Cultura llevar\u00e1 a cabo la primera versi\u00f3n de la Feria Nacional Virtual de Artistas Visuales a realizarse el pr\u00f3ximo s\u00e1bado 13 y domingo 14 de junio, desde el mediod\u00eda hasta las 7:00 p.m. desde www.micultura.gob.pa<\/p>\n<p>Daniel Dom\u00ednguez, director Nacional de las Artes de la instituci\u00f3n, explic\u00f3 que con esta innovadora iniciativa se busca utilizar la tecnolog\u00eda como principal aliada para colaborar con la creaci\u00f3n art\u00edstica y lo que ofrece Internet para ayudar al sector de las artes visuales en estos tiempos tan sensibles.<\/p>\n<p>En esta feria participar\u00e1n profesores y estudiantes de las Escuelas de Educaci\u00f3n Art\u00edstica de\u00a0MiCultura, as\u00ed como igualmente se contar\u00e1 con la participaci\u00f3n de artistas con discapacidad y miembros de la Asociaci\u00f3n Paname\u00f1a de Artistas Pl\u00e1sticos.<\/p>\n<p>Dom\u00ednguez se\u00f1ala que el visitante podr\u00e1 ingresar a la p\u00e1gina web del Ministerio de Cultura, en la cual se encontrar\u00e1 el enlace que lo conducir\u00e1 a la galer\u00eda de los m\u00e1s de 80 artistas participantes y desde sus respectivas cuentas de Instagram podr\u00e1n ver t\u00e9cnicas, tama\u00f1os y precios de las obras.<\/p>\n<p>El prop\u00f3sito es que el artista tenga un espacio para compartir y vender su obra al p\u00fablico, y tambi\u00e9n ser\u00e1 la ocasi\u00f3n ideal para que en los hogares paname\u00f1os exista un sitio para el arte nacional.<\/p>\n<p>Hasta el momento podemos confirmar la participaci\u00f3n de artistas provenientes de las provincias de Panam\u00e1,\u00a0Panam\u00e1 Oeste, Veraguas, Chiriqu\u00ed, Bocas del Toro, Dari\u00e9n, Herrera, Col\u00f3n, Guna Yala, Cocl\u00e9 y Los Santos, as\u00ed como la comunidad Ember\u00e1.<\/p>\n<p>&nbsp;<\/p>\n<p>Fuente:\u00a0\u00a0 MiCultura<\/p>\n<p>&nbsp;<\/p>\n","protected":false},"excerpt":{"rendered":"<p>El Ministerio de Cultura llevar\u00e1 a cabo la primera versi\u00f3n <a href=\"https:\/\/sertv.gob.pa\/crisolfm\/primera-feria-virtual-de-artistas-visuales-realiza-micultura\/\"> [&#8230;]<\/a><\/p>\n","protected":false},"author":64,"featured_media":29124,"comment_status":"closed","ping_status":"closed","sticky":false,"template":"","format":"standard","meta":{"footnotes":""},"categories":[6],"tags":[],"class_list":["post-29123","post","type-post","status-publish","format-standard","has-post-thumbnail","hentry","category-culturales"],"_links":{"self":[{"href":"https:\/\/sertv.gob.pa\/crisolfm\/wp-json\/wp\/v2\/posts\/29123","targetHints":{"allow":["GET"]}}],"collection":[{"href":"https:\/\/sertv.gob.pa\/crisolfm\/wp-json\/wp\/v2\/posts"}],"about":[{"href":"https:\/\/sertv.gob.pa\/crisolfm\/wp-json\/wp\/v2\/types\/post"}],"author":[{"embeddable":true,"href":"https:\/\/sertv.gob.pa\/crisolfm\/wp-json\/wp\/v2\/users\/64"}],"replies":[{"embeddable":true,"href":"https:\/\/sertv.gob.pa\/crisolfm\/wp-json\/wp\/v2\/comments?post=29123"}],"version-history":[{"count":1,"href":"https:\/\/sertv.gob.pa\/crisolfm\/wp-json\/wp\/v2\/posts\/29123\/revisions"}],"predecessor-version":[{"id":29125,"href":"https:\/\/sertv.gob.pa\/crisolfm\/wp-json\/wp\/v2\/posts\/29123\/revisions\/29125"}],"wp:featuredmedia":[{"embeddable":true,"href":"https:\/\/sertv.gob.pa\/crisolfm\/wp-json\/wp\/v2\/media\/29124"}],"wp:attachment":[{"href":"https:\/\/sertv.gob.pa\/crisolfm\/wp-json\/wp\/v2\/media?parent=29123"}],"wp:term":[{"taxonomy":"category","embeddable":true,"href":"https:\/\/sertv.gob.pa\/crisolfm\/wp-json\/wp\/v2\/categories?post=29123"},{"taxonomy":"post_tag","embeddable":true,"href":"https:\/\/sertv.gob.pa\/crisolfm\/wp-json\/wp\/v2\/tags?post=29123"}],"curies":[{"name":"wp","href":"https:\/\/api.w.org\/{rel}","templated":true}]}}