{"id":29129,"date":"2020-06-11T15:55:15","date_gmt":"2020-06-11T15:55:15","guid":{"rendered":"https:\/\/sertv.gob.pa\/crisolfm\/?p=29129"},"modified":"2020-06-11T15:55:15","modified_gmt":"2020-06-11T15:55:15","slug":"muere-actriz-catalana-rosa-maria-sarda-a-los-78-anos","status":"publish","type":"post","link":"https:\/\/sertv.gob.pa\/crisolfm\/muere-actriz-catalana-rosa-maria-sarda-a-los-78-anos\/","title":{"rendered":"Muere actriz catalana Rosa Maria Sard\u00e0 a los 78 a\u00f1os"},"content":{"rendered":"<p>La actriz catalana<strong> Rosa Maria Sard\u00e0 <\/strong>ha fallecido este jueves a los 78 a\u00f1os, seg\u00fan ha avanzado Rac1 y ha confirmado la Academia de Cine en sus redes sociales. Ganadora de dos goyas como mejor actriz de reparto, por \u00abSin verg\u00fcenza\u00bb y \u00ab\u00bfPor qu\u00e9 lo llaman amor cuando quieren decir sexo?\u00bb, Sard\u00e1 recibi\u00f3 en 2010<strong> la Medalla de Oro de la Academia. <\/strong><\/p>\n<p>La actriz luchaba contra un c\u00e1ncer linf\u00e1tico que le hab\u00edan diagnosticado en 2014. \u00abEl c\u00e1ncer es invencible, no es una lucha, es una cuesti\u00f3n de que los que se ocupan tengan m\u00e1s o menos tino al programar unas ciertas medicaciones o lo que sea, pero no se trata de un \u00bbmatch\u00ab de a ver qui\u00e9n gana, porque el c\u00e1ncer siempre gana\u00bb, dijo hace unos d\u00edas, entrevistada durante el confinamiento por el periodista Jordi \u00c9vole.<\/p>\n<p>Nacida en Barcelona en 1941, hija de un campesino y una costurera, Sard\u00e0 altern\u00f3 teatro, cine y televisi\u00f3n y brill\u00f3 por igual en todos los campos gracias a una arrolladora personalidad y a su participaci\u00f3n en t\u00edtulos como \u00ab\u00abAllegre ma non troppo\u00bb, \u00abEl efecto mariposa\u00bb, \u00abLa ni\u00f1a de tus ojos\u00bb o \u00abAnita no pierde el tren\u00bb. En televisi\u00f3n dio rienda suelta a su vis m\u00e1s c\u00f3mica al frente \u00abFesta amb Rosa Mar\u00eda Sard\u00e1\u00bb y \u00abLas noches de la t\u00eda Rosa\u00bb.<\/p>\n<p>De hecho, <a href=\"https:\/\/www.abc.es\/cultura\/teatros\/abci-muere-dramaturgo-josep-maria-benet-jornet-202004061055_noticia.html\" target=\"_blank\" rel=\"noopener\">fogueada en una peque\u00f1a compa\u00f1\u00eda teatral de Sant Andreu desde muy joven,<\/a> Sard\u00e0 siempre destac\u00f3 en papeles c\u00f3micos y humor\u00edsticos. En 1962 debut\u00f3 en \u00abCena de matrimonios\u00bb, de Alfonso Pasos, y empez\u00f3 a encadenar papeles en \u00abEsperando a Godot\u00bb y \u00abMadre coraje\u00bb a la vez que estrechaba lazos con el teatro. Las tablas fueron su primer amor y la plataforma de lanzamiento desde la que acabar\u00eda llegando a televisi\u00f3n y cine. \u00abEra una mujer que mandaba sobre s\u00ed misma. Ha sido alguien que no ha buscado el aplauso f\u00e1cil\u00bb, ha ha recordado el cineasta y escritor <strong>David Trueba<\/strong> en declaraciones a Rac1.<\/p>\n<p>En el cine, Sard\u00e0 debut\u00f3 en 1980 de la mano de <strong>Ventura Pons<\/strong> en \u00abEl vicari d&#8217;Olot\u00bb, kil\u00f3metro cero de una filmograf\u00eda que suma casi 40 t\u00edtulos, algunos tan destacados como \u00abLa ni\u00f1a de tus ojos\u00bb, \u00abTodo sobre mi madre\u00bb, \u00abAirbag\u00bb, \u00abSiempre hay un camino a la derecha\u00bb y \u00abOcho apellidos catalanes\u00bb. Adem\u00e1s de los Goya, <a href=\"https:\/\/www.abc.es\/cultura\/teatros\/20150325\/abci-rosa-maria-sarda-honor-201503251205.html\" target=\"_blank\" rel=\"noopener\">Sard\u00e0 tambi\u00e9n recibi\u00f3 el premio<\/a> Margarida Xirgu, la Creu de Sant Jordi y la Medalla de Oro al M\u00e9rito de las Bellas Artes.<\/p>\n<p>La <a href=\"https:\/\/www.abc.es\/estilo\/gente\/20140730\/abci-rosa-maria-sarda-201407300211.html\" target=\"_blank\" rel=\"noopener\">popularidad televisiva<\/a> le lleg\u00f3 con el concurso \u00abAh\u00ed te quiero ver\u00bb y con series como \u00abAbuela de verano\u00bb, en la que colabor\u00f3 con su hijo Pol Mainat. Sard\u00e0 estuvo casada con el actor Josep Maria Mainat, miembro del tr\u00edo c\u00f3mico La Trinca, ahora uno de los productores de televisi\u00f3n m\u00e1s importantes, creador de Gestmusic.<\/p>\n<p>&nbsp;<\/p>\n<p>&nbsp;<\/p>\n<p>Fuente:\u00a0\u00a0 ABC Cultura<\/p>\n<p>&nbsp;<\/p>\n","protected":false},"excerpt":{"rendered":"<p>La actriz catalana Rosa Maria Sard\u00e0 ha fallecido este jueves <a href=\"https:\/\/sertv.gob.pa\/crisolfm\/muere-actriz-catalana-rosa-maria-sarda-a-los-78-anos\/\"> [&#8230;]<\/a><\/p>\n","protected":false},"author":64,"featured_media":29130,"comment_status":"closed","ping_status":"closed","sticky":false,"template":"","format":"standard","meta":{"footnotes":""},"categories":[6],"tags":[],"class_list":["post-29129","post","type-post","status-publish","format-standard","has-post-thumbnail","hentry","category-culturales"],"_links":{"self":[{"href":"https:\/\/sertv.gob.pa\/crisolfm\/wp-json\/wp\/v2\/posts\/29129","targetHints":{"allow":["GET"]}}],"collection":[{"href":"https:\/\/sertv.gob.pa\/crisolfm\/wp-json\/wp\/v2\/posts"}],"about":[{"href":"https:\/\/sertv.gob.pa\/crisolfm\/wp-json\/wp\/v2\/types\/post"}],"author":[{"embeddable":true,"href":"https:\/\/sertv.gob.pa\/crisolfm\/wp-json\/wp\/v2\/users\/64"}],"replies":[{"embeddable":true,"href":"https:\/\/sertv.gob.pa\/crisolfm\/wp-json\/wp\/v2\/comments?post=29129"}],"version-history":[{"count":1,"href":"https:\/\/sertv.gob.pa\/crisolfm\/wp-json\/wp\/v2\/posts\/29129\/revisions"}],"predecessor-version":[{"id":29131,"href":"https:\/\/sertv.gob.pa\/crisolfm\/wp-json\/wp\/v2\/posts\/29129\/revisions\/29131"}],"wp:featuredmedia":[{"embeddable":true,"href":"https:\/\/sertv.gob.pa\/crisolfm\/wp-json\/wp\/v2\/media\/29130"}],"wp:attachment":[{"href":"https:\/\/sertv.gob.pa\/crisolfm\/wp-json\/wp\/v2\/media?parent=29129"}],"wp:term":[{"taxonomy":"category","embeddable":true,"href":"https:\/\/sertv.gob.pa\/crisolfm\/wp-json\/wp\/v2\/categories?post=29129"},{"taxonomy":"post_tag","embeddable":true,"href":"https:\/\/sertv.gob.pa\/crisolfm\/wp-json\/wp\/v2\/tags?post=29129"}],"curies":[{"name":"wp","href":"https:\/\/api.w.org\/{rel}","templated":true}]}}