{"id":29136,"date":"2020-06-11T17:23:58","date_gmt":"2020-06-11T17:23:58","guid":{"rendered":"https:\/\/sertv.gob.pa\/crisolfm\/?p=29136"},"modified":"2020-06-11T17:23:58","modified_gmt":"2020-06-11T17:23:58","slug":"decapitan-una-estatua-de-cristobal-colon-en-boston-y-vandalizan-otra-en-miami","status":"publish","type":"post","link":"https:\/\/sertv.gob.pa\/crisolfm\/decapitan-una-estatua-de-cristobal-colon-en-boston-y-vandalizan-otra-en-miami\/","title":{"rendered":"Decapitan una estatua de Crist\u00f3bal Col\u00f3n en Boston y vandalizan otra en Miami"},"content":{"rendered":"<p>Una estatua de Crist\u00f3bal Col\u00f3n fue decapitada en la noche del martes en Boston, \u00faltima v\u00edctima del movimiento que exige la retirada de estatuas que consideran que simbolizan el racismo, reactivado por las manifestaciones tras la muerte de George Floyd.<\/p>\n<p>Otra estatua de Col\u00f3n fue vandalizada en el centro de Miami, cubierta con pintura roja y mensajes que dec\u00edan \u00abNuestras calles\u00bb, \u00abBlack Lives Matter\u00bb (Las vidas negras importan) y \u00abGeorge Floyd\u00bb, antes de que la polic\u00eda hiciera varios arrestos, seg\u00fan el peri\u00f3dico Miami Herald.<\/p>\n<p>El martes, una estatua del explorador hab\u00eda sido arrancada y arrojada a un lago en Richmond, Virginia, seg\u00fan el diario local Richmond Times-Dispatch.<\/p>\n<p>Los incidentes se producen en momentos en que aumenta la presi\u00f3n en Estados Unidos para librar al pa\u00eds de los monumentos asociados con el racismo, tras manifestaciones masivas despu\u00e9s del asesinato de Floyd, un hombre negro, a manos de un polic\u00eda blanco en Minneapolis hace dos semanas.<\/p>\n<p>Col\u00f3n, a quien los libros escolares presentaron durante siglos como \u00abel descubridor de Am\u00e9rica\u00bb, es considerado por muchos ahora como uno de los responsables del genocidio de ind\u00edgenas, y denunciado tanto como a los defensores de la esclavitud.<\/p>\n<p>La polic\u00eda de Boston fue alertada de la decapitaci\u00f3n poco despu\u00e9s de la medianoche del mi\u00e9rcoles, dijo a la AFP un portavoz policial. El caso es investigado y por ahora no hay arrestos, precis\u00f3.<\/p>\n<p>&nbsp;<\/p>\n<p>Fuente:\u00a0\u00a0 AFP<\/p>\n","protected":false},"excerpt":{"rendered":"<p>Una estatua de Crist\u00f3bal Col\u00f3n fue decapitada en la noche <a href=\"https:\/\/sertv.gob.pa\/crisolfm\/decapitan-una-estatua-de-cristobal-colon-en-boston-y-vandalizan-otra-en-miami\/\"> [&#8230;]<\/a><\/p>\n","protected":false},"author":64,"featured_media":29137,"comment_status":"closed","ping_status":"closed","sticky":false,"template":"","format":"standard","meta":{"footnotes":""},"categories":[6],"tags":[],"class_list":["post-29136","post","type-post","status-publish","format-standard","has-post-thumbnail","hentry","category-culturales"],"_links":{"self":[{"href":"https:\/\/sertv.gob.pa\/crisolfm\/wp-json\/wp\/v2\/posts\/29136","targetHints":{"allow":["GET"]}}],"collection":[{"href":"https:\/\/sertv.gob.pa\/crisolfm\/wp-json\/wp\/v2\/posts"}],"about":[{"href":"https:\/\/sertv.gob.pa\/crisolfm\/wp-json\/wp\/v2\/types\/post"}],"author":[{"embeddable":true,"href":"https:\/\/sertv.gob.pa\/crisolfm\/wp-json\/wp\/v2\/users\/64"}],"replies":[{"embeddable":true,"href":"https:\/\/sertv.gob.pa\/crisolfm\/wp-json\/wp\/v2\/comments?post=29136"}],"version-history":[{"count":1,"href":"https:\/\/sertv.gob.pa\/crisolfm\/wp-json\/wp\/v2\/posts\/29136\/revisions"}],"predecessor-version":[{"id":29138,"href":"https:\/\/sertv.gob.pa\/crisolfm\/wp-json\/wp\/v2\/posts\/29136\/revisions\/29138"}],"wp:featuredmedia":[{"embeddable":true,"href":"https:\/\/sertv.gob.pa\/crisolfm\/wp-json\/wp\/v2\/media\/29137"}],"wp:attachment":[{"href":"https:\/\/sertv.gob.pa\/crisolfm\/wp-json\/wp\/v2\/media?parent=29136"}],"wp:term":[{"taxonomy":"category","embeddable":true,"href":"https:\/\/sertv.gob.pa\/crisolfm\/wp-json\/wp\/v2\/categories?post=29136"},{"taxonomy":"post_tag","embeddable":true,"href":"https:\/\/sertv.gob.pa\/crisolfm\/wp-json\/wp\/v2\/tags?post=29136"}],"curies":[{"name":"wp","href":"https:\/\/api.w.org\/{rel}","templated":true}]}}