{"id":29174,"date":"2020-06-12T15:15:56","date_gmt":"2020-06-12T15:15:56","guid":{"rendered":"https:\/\/sertv.gob.pa\/crisolfm\/?p=29174"},"modified":"2020-06-12T16:59:55","modified_gmt":"2020-06-12T16:59:55","slug":"para-rescate-de-vista-silvestre-en-veragua-miambiente-crea-alianzas-voluntarias","status":"publish","type":"post","link":"https:\/\/sertv.gob.pa\/crisolfm\/para-rescate-de-vista-silvestre-en-veragua-miambiente-crea-alianzas-voluntarias\/","title":{"rendered":"Para rescate de vida silvestre en Veraguas, MiAmbiente crea alianzas voluntarias"},"content":{"rendered":"<p>La Direcci\u00f3n Regional de Mi Ambiente en Veraguas ha creado alianzas voluntarias con profesionales independientes, instituciones gubernamentales y voluntarios ambientales, efectuando rescates y reubicaciones de especies silvestres con el objetivo de educar, conservar y proteger la fauna silvestre de Panam\u00e1.<\/p>\n<p>Veraguas desde los \u00faltimos 5 a\u00f1os ha logrado rescatar, rehabilitar y liberar m\u00e1s de 265 individuos de especies silvestres entre aves, mam\u00edferos y reptiles, ya que desafortunadamente en algunas ocasiones han sido rescatados por da\u00f1os f\u00edsicos, deshidrataci\u00f3n y avistamientos en zonas urbanas que ameritaban su reubicaci\u00f3n.<\/p>\n<p>Las alianzas voluntarias como es el caso de los Sres. Elizabeth Johana P.G. Roos y Cornelis A Groenendijk, residentes en Llano Catival de Mariato, quienes desde el 2017 han brindado su apoyo a MiAmbiente en Veraguas, con la rehabilitaci\u00f3n de aves, se sienten comprometidos con proteger y conservar las especies silvestres, a fin de servir como ejemplo para que las personas y comunidades se vinculen de forma positiva en conservar la biodiversidad de Panam\u00e1.<\/p>\n<p>Los Sres. Roos y Groenendijk en conjunto con t\u00e9cnicos de MiAmbiente Veraguas, han rehabilitado y liberado especies de aves como: Autillo com\u00fan <em>(Megascops choliba),<\/em> B\u00faho orejudo <em>(Asio clamator)<\/em>, B\u00faho de anteojos <em>(Pulsatrix perspicillata)<\/em>, B\u00faho puygmeo <em>(Glaucidium brasilianum)<\/em>, Lechuza <em>(Tyto alba), <\/em>entre otras especies, rehabilitando y liberando m\u00e1s de 20 individuos.<\/p>\n<p>Para reportar cualquier asunto con fauna o animales silvestres, llamar a las oficinas de MiAmbiente Veraguas al 500-0734 extensi\u00f3n 6403 Departamento de \u00c1reas Protegidas.<\/p>\n<p>&nbsp;<\/p>\n<p>Fuente:\u00a0 MiAmbiente<\/p>\n","protected":false},"excerpt":{"rendered":"<p>La Direcci\u00f3n Regional de Mi Ambiente en Veraguas ha creado <a href=\"https:\/\/sertv.gob.pa\/crisolfm\/para-rescate-de-vista-silvestre-en-veragua-miambiente-crea-alianzas-voluntarias\/\"> [&#8230;]<\/a><\/p>\n","protected":false},"author":64,"featured_media":29175,"comment_status":"closed","ping_status":"closed","sticky":false,"template":"","format":"standard","meta":{"footnotes":""},"categories":[7],"tags":[],"class_list":["post-29174","post","type-post","status-publish","format-standard","has-post-thumbnail","hentry","category-ecologicas"],"_links":{"self":[{"href":"https:\/\/sertv.gob.pa\/crisolfm\/wp-json\/wp\/v2\/posts\/29174","targetHints":{"allow":["GET"]}}],"collection":[{"href":"https:\/\/sertv.gob.pa\/crisolfm\/wp-json\/wp\/v2\/posts"}],"about":[{"href":"https:\/\/sertv.gob.pa\/crisolfm\/wp-json\/wp\/v2\/types\/post"}],"author":[{"embeddable":true,"href":"https:\/\/sertv.gob.pa\/crisolfm\/wp-json\/wp\/v2\/users\/64"}],"replies":[{"embeddable":true,"href":"https:\/\/sertv.gob.pa\/crisolfm\/wp-json\/wp\/v2\/comments?post=29174"}],"version-history":[{"count":3,"href":"https:\/\/sertv.gob.pa\/crisolfm\/wp-json\/wp\/v2\/posts\/29174\/revisions"}],"predecessor-version":[{"id":29191,"href":"https:\/\/sertv.gob.pa\/crisolfm\/wp-json\/wp\/v2\/posts\/29174\/revisions\/29191"}],"wp:featuredmedia":[{"embeddable":true,"href":"https:\/\/sertv.gob.pa\/crisolfm\/wp-json\/wp\/v2\/media\/29175"}],"wp:attachment":[{"href":"https:\/\/sertv.gob.pa\/crisolfm\/wp-json\/wp\/v2\/media?parent=29174"}],"wp:term":[{"taxonomy":"category","embeddable":true,"href":"https:\/\/sertv.gob.pa\/crisolfm\/wp-json\/wp\/v2\/categories?post=29174"},{"taxonomy":"post_tag","embeddable":true,"href":"https:\/\/sertv.gob.pa\/crisolfm\/wp-json\/wp\/v2\/tags?post=29174"}],"curies":[{"name":"wp","href":"https:\/\/api.w.org\/{rel}","templated":true}]}}