{"id":29178,"date":"2020-06-12T15:50:25","date_gmt":"2020-06-12T15:50:25","guid":{"rendered":"https:\/\/sertv.gob.pa\/crisolfm\/?p=29178"},"modified":"2020-06-12T15:50:25","modified_gmt":"2020-06-12T15:50:25","slug":"bogota-aprueba-un-proyecto-que-prohibe-la-muerte-del-toro-en-la-plaza","status":"publish","type":"post","link":"https:\/\/sertv.gob.pa\/crisolfm\/bogota-aprueba-un-proyecto-que-prohibe-la-muerte-del-toro-en-la-plaza\/","title":{"rendered":"Bogot\u00e1 aprueba un proyecto que proh\u00edbe la muerte del toro en la plaza"},"content":{"rendered":"<p>El <strong>Concejo de Bogot\u00e1 <\/strong>aprob\u00f3 este martes un proyecto para desincentivar las corridas de toros en la capital colombiana, medida que no elimina la temporada taurina pero s\u00ed restringe el uso de recursos p\u00fablicos para su desarrollo y proh\u00edbe la muerte de los astados en la plaza.<\/p>\n<p>La iniciativa, aprobada con<strong> 32 votos a favor<\/strong>, tambi\u00e9n elimina el uso de elementos como la espada, la pica y las banderillas, y reduce a la mitad las fechas de la temporada anual, que tiene lugar entre febrero y marzo.<\/p>\n<p>El proyecto, presentado por la concejal del partido<strong> Alianza Verde<\/strong> Andrea Padilla, pasar\u00e1 ahora a sanci\u00f3n de la alcaldesa Claudia L\u00f3pez.<\/p>\n<p>\u00abEliminar los instrumentos cortopuzantes y la matanza del toro en la plaza, subir impuestos, reducir fechas y obligar a empresarios a informar del sufrimiento animal y a asumir todos los costos de su fiesta de muerte, ser\u00e1 una estocada mortal a esta barbarie\u00bb, manifest\u00f3 en sus redes sociales Padilla al promover el proyecto.<\/p>\n<p>La iniciativa aprobada tambi\u00e9n establece que todas las actividades desarrolladas durante la temporada taurina, que ya no tendr\u00e1 ocho tardes sino cuatro, deber\u00e1n ser financiadas por los organizadores de las mismas. Adem\u00e1s, la tarifa tributable para estos eventos fue modificada y pasar\u00e1<strong> del 10 al 20 %<\/strong>.<\/p>\n<p>Las corridas de toros son un<strong> asunto pol\u00e9mico en Colombia <\/strong>que sus partidarios definen como una tradici\u00f3n cultural e hist\u00f3rica, mientras los defensores de los derechos de los animales sostienen que es una pr\u00e1ctica en la que el animal es torturado.<\/p>\n<p>La concejal Padilla, abanderada de los derechos de los animales, ha sido una f\u00e9rrea opositora de las corridas de toros y desde el Concejo ha impulsado manifestaciones p\u00fablicas en contra de la fiesta brava. \u00ab\u00a1El proyecto tiene el potencial para acabar definitivamente con esta barbarie! \u00a1Autonom\u00eda territorial!\u00bb, dijo Padilla antes de la votaci\u00f3n.<\/p>\n<p>Las plazas de Bogot\u00e1, Cali y Manizales son de las pocas que se mantienen en actividad en Colombia.<\/p>\n<p>&nbsp;<\/p>\n<p>Fuente:\u00a0\u00a0 ABC Cultura<\/p>\n","protected":false},"excerpt":{"rendered":"<p>El Concejo de Bogot\u00e1 aprob\u00f3 este martes un proyecto para <a href=\"https:\/\/sertv.gob.pa\/crisolfm\/bogota-aprueba-un-proyecto-que-prohibe-la-muerte-del-toro-en-la-plaza\/\"> [&#8230;]<\/a><\/p>\n","protected":false},"author":64,"featured_media":29179,"comment_status":"closed","ping_status":"closed","sticky":false,"template":"","format":"standard","meta":{"footnotes":""},"categories":[6],"tags":[],"class_list":["post-29178","post","type-post","status-publish","format-standard","has-post-thumbnail","hentry","category-culturales"],"_links":{"self":[{"href":"https:\/\/sertv.gob.pa\/crisolfm\/wp-json\/wp\/v2\/posts\/29178","targetHints":{"allow":["GET"]}}],"collection":[{"href":"https:\/\/sertv.gob.pa\/crisolfm\/wp-json\/wp\/v2\/posts"}],"about":[{"href":"https:\/\/sertv.gob.pa\/crisolfm\/wp-json\/wp\/v2\/types\/post"}],"author":[{"embeddable":true,"href":"https:\/\/sertv.gob.pa\/crisolfm\/wp-json\/wp\/v2\/users\/64"}],"replies":[{"embeddable":true,"href":"https:\/\/sertv.gob.pa\/crisolfm\/wp-json\/wp\/v2\/comments?post=29178"}],"version-history":[{"count":1,"href":"https:\/\/sertv.gob.pa\/crisolfm\/wp-json\/wp\/v2\/posts\/29178\/revisions"}],"predecessor-version":[{"id":29180,"href":"https:\/\/sertv.gob.pa\/crisolfm\/wp-json\/wp\/v2\/posts\/29178\/revisions\/29180"}],"wp:featuredmedia":[{"embeddable":true,"href":"https:\/\/sertv.gob.pa\/crisolfm\/wp-json\/wp\/v2\/media\/29179"}],"wp:attachment":[{"href":"https:\/\/sertv.gob.pa\/crisolfm\/wp-json\/wp\/v2\/media?parent=29178"}],"wp:term":[{"taxonomy":"category","embeddable":true,"href":"https:\/\/sertv.gob.pa\/crisolfm\/wp-json\/wp\/v2\/categories?post=29178"},{"taxonomy":"post_tag","embeddable":true,"href":"https:\/\/sertv.gob.pa\/crisolfm\/wp-json\/wp\/v2\/tags?post=29178"}],"curies":[{"name":"wp","href":"https:\/\/api.w.org\/{rel}","templated":true}]}}