{"id":29184,"date":"2020-06-12T16:06:24","date_gmt":"2020-06-12T16:06:24","guid":{"rendered":"https:\/\/sertv.gob.pa\/crisolfm\/?p=29184"},"modified":"2020-06-12T16:06:24","modified_gmt":"2020-06-12T16:06:24","slug":"banksy-pide-volver-a-poner-la-estatua-de-colston-en-bristol-modificada","status":"publish","type":"post","link":"https:\/\/sertv.gob.pa\/crisolfm\/banksy-pide-volver-a-poner-la-estatua-de-colston-en-bristol-modificada\/","title":{"rendered":"Banksy pide volver a poner la estatua de Colston en Bristol&#8230; modificada"},"content":{"rendered":"<p>El artista callejero conocido como <strong>Banksy<\/strong> acaba de intervenir en el pol\u00e9mico asunto del vandalismo contra las estatuas protagonizado por los militantes anti racistas que se manifestaban para protestar por la muerte de <strong>George Floyd<\/strong>. En una nueva creaci\u00f3n publicada en sus redes sociales se ve la estatua de Colston en Bristol dibujada en el momento en el que algunos activistas la derriban.<\/p>\n<p>Con toda iron\u00eda, Banksy propone una soluci\u00f3n propia y original para acabar con la pol\u00e9mica y dice que contentar\u00e1 tanto a los manifestantes que quieren acabar con los <strong>monumentos relacionados con esclavistas<\/strong> como aquellos que defienden su valor art\u00edstico y piensan que deber\u00edan estar en el museo.<\/p>\n<p>La soluci\u00f3n para el artista callejero es as\u00ed de sencilla: primero, volver a sacar la estatua de Colston de las aguas del puerto de Bristol; segundo, volver a ponerla sobre su pedestal; tercero, atarle un cable alrededor del cuello, y cuarto, encargar a alg\u00fan artista la fundici\u00f3n de<strong> estatuas a tama\u00f1o natural de manifestantes <\/strong>que tiran del cable para que de ese modo Bristol tenga en esa plaza un monumento a la pol\u00e9mica generada por el derribo de la obra de arte.<\/p>\n<p>Hace muy pocos d\u00edas Banksy tambi\u00e9n intervino en el movimiento anti racista que ha provocado manifestaciones y disturbios en pr\u00e1cticamente todo el mundo al publicar en sus redes <a href=\"https:\/\/www.abc.es\/cultura\/arte\/abci-banksy-contra-racismo-sistema-blanco-falla-gente-negra-202006071702_noticia.html\" target=\"_blank\" rel=\"noopener\">un graffiti con un altar dedicado a George Floyd <\/a>cuyas velas incendiaban una bandera estadounidense.<\/p>\n<p>&nbsp;<\/p>\n<p>Fuente:\u00a0\u00a0 ABC Cultura<\/p>\n","protected":false},"excerpt":{"rendered":"<p>El artista callejero conocido como Banksy acaba de intervenir en <a href=\"https:\/\/sertv.gob.pa\/crisolfm\/banksy-pide-volver-a-poner-la-estatua-de-colston-en-bristol-modificada\/\"> [&#8230;]<\/a><\/p>\n","protected":false},"author":64,"featured_media":29185,"comment_status":"closed","ping_status":"closed","sticky":false,"template":"","format":"standard","meta":{"footnotes":""},"categories":[6],"tags":[],"class_list":["post-29184","post","type-post","status-publish","format-standard","has-post-thumbnail","hentry","category-culturales"],"_links":{"self":[{"href":"https:\/\/sertv.gob.pa\/crisolfm\/wp-json\/wp\/v2\/posts\/29184","targetHints":{"allow":["GET"]}}],"collection":[{"href":"https:\/\/sertv.gob.pa\/crisolfm\/wp-json\/wp\/v2\/posts"}],"about":[{"href":"https:\/\/sertv.gob.pa\/crisolfm\/wp-json\/wp\/v2\/types\/post"}],"author":[{"embeddable":true,"href":"https:\/\/sertv.gob.pa\/crisolfm\/wp-json\/wp\/v2\/users\/64"}],"replies":[{"embeddable":true,"href":"https:\/\/sertv.gob.pa\/crisolfm\/wp-json\/wp\/v2\/comments?post=29184"}],"version-history":[{"count":1,"href":"https:\/\/sertv.gob.pa\/crisolfm\/wp-json\/wp\/v2\/posts\/29184\/revisions"}],"predecessor-version":[{"id":29186,"href":"https:\/\/sertv.gob.pa\/crisolfm\/wp-json\/wp\/v2\/posts\/29184\/revisions\/29186"}],"wp:featuredmedia":[{"embeddable":true,"href":"https:\/\/sertv.gob.pa\/crisolfm\/wp-json\/wp\/v2\/media\/29185"}],"wp:attachment":[{"href":"https:\/\/sertv.gob.pa\/crisolfm\/wp-json\/wp\/v2\/media?parent=29184"}],"wp:term":[{"taxonomy":"category","embeddable":true,"href":"https:\/\/sertv.gob.pa\/crisolfm\/wp-json\/wp\/v2\/categories?post=29184"},{"taxonomy":"post_tag","embeddable":true,"href":"https:\/\/sertv.gob.pa\/crisolfm\/wp-json\/wp\/v2\/tags?post=29184"}],"curies":[{"name":"wp","href":"https:\/\/api.w.org\/{rel}","templated":true}]}}