{"id":29187,"date":"2020-06-12T16:32:30","date_gmt":"2020-06-12T16:32:30","guid":{"rendered":"https:\/\/sertv.gob.pa\/crisolfm\/?p=29187"},"modified":"2020-06-12T16:32:30","modified_gmt":"2020-06-12T16:32:30","slug":"muere-pepe-martin-el-eterno-conde-de-montecristo","status":"publish","type":"post","link":"https:\/\/sertv.gob.pa\/crisolfm\/muere-pepe-martin-el-eterno-conde-de-montecristo\/","title":{"rendered":"Muere Pepe Mart\u00edn, el eterno Conde de Montecristo"},"content":{"rendered":"<p>Hay actores vinculados a una interpretaci\u00f3n durante toda su vida. Eso le sucedi\u00f3 a <strong>Pepe Mart\u00edn, que fue, para siempre, Edmundo Dant\u00e9s, el conde de Montecristo<\/strong>, al que encarn\u00f3 en una popular\u00edsima adaptaci\u00f3n de la novela de Alejandro Dumas que TVE realiz\u00f3 en los primeros a\u00f1os setenta del pasado siglo. \u00abTodav\u00eda me siguen recordando por el Conde de Montecristo\u00bb, recordaba hace poco tiempo el actor en una entrevista.<\/p>\n<p>Pepe Mart\u00edn, <strong>barcelon\u00e9s, nacido el 7 de septiembre de 1932<\/strong>, falleci\u00f3 en Madrid, donde resid\u00eda desde hace d\u00e9cadas. El coraz\u00f3n le fall\u00f3 definitivamente. Antes del confinamiento, ya llevaba un tiempo metido en s\u00ed mismo y dedicado a cuidar a Sylvia Mart\u00edn, su mujer y su eterna compa\u00f1era, recluida en una silla de ruedas en los \u00faltimos a\u00f1os.<\/p>\n<p>Actor vinculado fundamentalmente al teatro, fue uno de los numerosos rostros que se asomaron a los espacios dram\u00e1ticos de la televisi\u00f3n en los sesenta y los setenta. Entre los <strong>Estudio 1<\/strong> que protagoniz\u00f3 figuran \u00abLa dama boba\u00bb, \u00abEl reloj de Baltasar\u00bb, \u00abDon Juan Tenorio\u00bb, \u00abMesas separadas\u00bb y \u00abEsta noche tampoco\u00bb. Hab\u00eda estudiado Derecho, y para ello se traslad\u00f3 a Par\u00eds, donde descubri\u00f3 su vocaci\u00f3n teatral. Empez\u00f3 su carrera junto al <strong>Teatro Nacional Popular franc\u00e9s<\/strong> con un papel en la comedia inglesa \u00abEjercicio para cinco dedos\u00bb, y luego vinieron \u00abLargo viaje hacia la noche\u00bb, de Eugene O\u2019Neill, y \u00abEl rey Lear\u00bb, de Shakespeare.<\/p>\n<p>Pero fue \u00ab<strong>El conde de Montecristo<\/strong>\u00bb, adaptada y dirigida por <strong>Pedro Amalio L\u00f3pez<\/strong>, la que le confiri\u00f3 una extraordinaria popularidad. Eran los tiempos del blanco y negro y de la televisi\u00f3n \u00fanica, y aquella ficci\u00f3n fue seguida por millones de telespectadores.<\/p>\n<p>En los \u00faltimos a\u00f1os se prodig\u00f3 en recitales po\u00e9ticos, era asiduo a los estrenos teatrales, en compa\u00f1\u00eda siempre de su mujer, y en 2014 public\u00f3 sus memorias, tituladas \u00ab<strong>El recuerdo dormido<\/strong>\u00bb.<\/p>\n<p>&nbsp;<\/p>\n<p>Fuente:\u00a0\u00a0 ABC Cultura<\/p>\n","protected":false},"excerpt":{"rendered":"<p>Hay actores vinculados a una interpretaci\u00f3n durante toda su vida. <a href=\"https:\/\/sertv.gob.pa\/crisolfm\/muere-pepe-martin-el-eterno-conde-de-montecristo\/\"> [&#8230;]<\/a><\/p>\n","protected":false},"author":64,"featured_media":29188,"comment_status":"closed","ping_status":"closed","sticky":false,"template":"","format":"standard","meta":{"footnotes":""},"categories":[6],"tags":[],"class_list":["post-29187","post","type-post","status-publish","format-standard","has-post-thumbnail","hentry","category-culturales"],"_links":{"self":[{"href":"https:\/\/sertv.gob.pa\/crisolfm\/wp-json\/wp\/v2\/posts\/29187","targetHints":{"allow":["GET"]}}],"collection":[{"href":"https:\/\/sertv.gob.pa\/crisolfm\/wp-json\/wp\/v2\/posts"}],"about":[{"href":"https:\/\/sertv.gob.pa\/crisolfm\/wp-json\/wp\/v2\/types\/post"}],"author":[{"embeddable":true,"href":"https:\/\/sertv.gob.pa\/crisolfm\/wp-json\/wp\/v2\/users\/64"}],"replies":[{"embeddable":true,"href":"https:\/\/sertv.gob.pa\/crisolfm\/wp-json\/wp\/v2\/comments?post=29187"}],"version-history":[{"count":1,"href":"https:\/\/sertv.gob.pa\/crisolfm\/wp-json\/wp\/v2\/posts\/29187\/revisions"}],"predecessor-version":[{"id":29189,"href":"https:\/\/sertv.gob.pa\/crisolfm\/wp-json\/wp\/v2\/posts\/29187\/revisions\/29189"}],"wp:featuredmedia":[{"embeddable":true,"href":"https:\/\/sertv.gob.pa\/crisolfm\/wp-json\/wp\/v2\/media\/29188"}],"wp:attachment":[{"href":"https:\/\/sertv.gob.pa\/crisolfm\/wp-json\/wp\/v2\/media?parent=29187"}],"wp:term":[{"taxonomy":"category","embeddable":true,"href":"https:\/\/sertv.gob.pa\/crisolfm\/wp-json\/wp\/v2\/categories?post=29187"},{"taxonomy":"post_tag","embeddable":true,"href":"https:\/\/sertv.gob.pa\/crisolfm\/wp-json\/wp\/v2\/tags?post=29187"}],"curies":[{"name":"wp","href":"https:\/\/api.w.org\/{rel}","templated":true}]}}