{"id":29216,"date":"2020-06-15T13:22:37","date_gmt":"2020-06-15T13:22:37","guid":{"rendered":"https:\/\/sertv.gob.pa\/crisolfm\/?p=29216"},"modified":"2020-06-15T13:22:37","modified_gmt":"2020-06-15T13:22:37","slug":"editorial-mariano-arosemena-promovera-investigaciones-y-obras-literarias","status":"publish","type":"post","link":"https:\/\/sertv.gob.pa\/crisolfm\/editorial-mariano-arosemena-promovera-investigaciones-y-obras-literarias\/","title":{"rendered":"Editorial Mariano Arosemena promover\u00e1 investigaciones y obras literarias"},"content":{"rendered":"<p>En una ceremonia virtual celebrada por el Ministerio de Cultura (MiCultura), los nuevos miembros del Consejo Editorial de la Editorial Mariano Arosemena tomaron posesi\u00f3n de sus cargos.<\/p>\n<p>El viceministro de Cultura, Gabriel Gonz\u00e1lez, jurament\u00f3 a la investigadora Marixa Lasso en el Consejo Editorial, acompa\u00f1ada de los escritores Priscila Delgado, Luis Pulido Ritter, Fernando Aparicio, Fernando Mart\u00ednez y Amalia Nicolau como sus nuevos miembros.<\/p>\n<p>\u201cHoy es una fecha hist\u00f3rica muy especial para Panam\u00e1 y como Ministerio de Cultura, nos sentimos muy honrados de acompa\u00f1arlos en este importante anuncio. La vitalidad de una casa editora de prestigio y tradici\u00f3n como la Editorial Mariano Arosemena del Ministerio de Cultura de Panam\u00e1, se fortalece con el anuncio oficial de los nuevos miembros de su Consejo Editorial\u201d, dijo el viceministro.<\/p>\n<p>Por su parte, Lasso, actual Directora Nacional de Investigaci\u00f3n y Publicaciones del ministerio, explic\u00f3 que los miembros de este consejo editorial traen sus experiencias nacionales e internacionales en la publicaci\u00f3n de obras de literatura, as\u00ed como de obras de investigaci\u00f3n en ciencias sociales y humanas.<\/p>\n<p>Los miembros del comit\u00e9 ayudar\u00e1n a definir la nueva pol\u00edtica de esta dependencia, sentar\u00e1n los par\u00e1metros en selecci\u00f3n de las obras publicadas por la editorial y crear\u00e1n un sistema de revisi\u00f3n de pares para los autores paname\u00f1os interesados en publicar los resultados de sus investigaciones baja esa modalidad.<\/p>\n<p>\u201cCon la formaci\u00f3n del comit\u00e9 buscamos repensar para el reconocimiento y rescate de nuestros valores literarios e incentivar el desarrollo de m\u00e1s investigaciones que nos enriquezcan como pa\u00eds\u201d, a\u00f1adi\u00f3 Lasso.<\/p>\n<p>A su vez, el viceministro Gonz\u00e1lez, reitero que con este acto trascendental para la cultura paname\u00f1a, el Ministerio de Cultura ayuda a construir nuevos caminos sobre este hogar de producci\u00f3n literaria y tradici\u00f3n, renov\u00e1ndolo y ajust\u00e1ndolo a nuestros tiempos, para crear, cumplir metas y hacer sue\u00f1os realidad.<\/p>\n<p>&nbsp;<\/p>\n<p>Fuente:\u00a0 MiCultura<\/p>\n<p>&nbsp;<\/p>\n","protected":false},"excerpt":{"rendered":"<p>En una ceremonia virtual celebrada por el Ministerio de Cultura <a href=\"https:\/\/sertv.gob.pa\/crisolfm\/editorial-mariano-arosemena-promovera-investigaciones-y-obras-literarias\/\"> [&#8230;]<\/a><\/p>\n","protected":false},"author":64,"featured_media":29217,"comment_status":"closed","ping_status":"closed","sticky":false,"template":"","format":"standard","meta":{"footnotes":""},"categories":[6],"tags":[],"class_list":["post-29216","post","type-post","status-publish","format-standard","has-post-thumbnail","hentry","category-culturales"],"_links":{"self":[{"href":"https:\/\/sertv.gob.pa\/crisolfm\/wp-json\/wp\/v2\/posts\/29216","targetHints":{"allow":["GET"]}}],"collection":[{"href":"https:\/\/sertv.gob.pa\/crisolfm\/wp-json\/wp\/v2\/posts"}],"about":[{"href":"https:\/\/sertv.gob.pa\/crisolfm\/wp-json\/wp\/v2\/types\/post"}],"author":[{"embeddable":true,"href":"https:\/\/sertv.gob.pa\/crisolfm\/wp-json\/wp\/v2\/users\/64"}],"replies":[{"embeddable":true,"href":"https:\/\/sertv.gob.pa\/crisolfm\/wp-json\/wp\/v2\/comments?post=29216"}],"version-history":[{"count":1,"href":"https:\/\/sertv.gob.pa\/crisolfm\/wp-json\/wp\/v2\/posts\/29216\/revisions"}],"predecessor-version":[{"id":29218,"href":"https:\/\/sertv.gob.pa\/crisolfm\/wp-json\/wp\/v2\/posts\/29216\/revisions\/29218"}],"wp:featuredmedia":[{"embeddable":true,"href":"https:\/\/sertv.gob.pa\/crisolfm\/wp-json\/wp\/v2\/media\/29217"}],"wp:attachment":[{"href":"https:\/\/sertv.gob.pa\/crisolfm\/wp-json\/wp\/v2\/media?parent=29216"}],"wp:term":[{"taxonomy":"category","embeddable":true,"href":"https:\/\/sertv.gob.pa\/crisolfm\/wp-json\/wp\/v2\/categories?post=29216"},{"taxonomy":"post_tag","embeddable":true,"href":"https:\/\/sertv.gob.pa\/crisolfm\/wp-json\/wp\/v2\/tags?post=29216"}],"curies":[{"name":"wp","href":"https:\/\/api.w.org\/{rel}","templated":true}]}}