{"id":29226,"date":"2020-06-15T14:51:57","date_gmt":"2020-06-15T14:51:57","guid":{"rendered":"https:\/\/sertv.gob.pa\/crisolfm\/?p=29226"},"modified":"2020-06-15T14:51:57","modified_gmt":"2020-06-15T14:51:57","slug":"colau-apuesta-por-mantener-la-estatua-de-colon-es-un-icono-de-la-ciudad-de-barcelona-para-bien-y-para-mal","status":"publish","type":"post","link":"https:\/\/sertv.gob.pa\/crisolfm\/colau-apuesta-por-mantener-la-estatua-de-colon-es-un-icono-de-la-ciudad-de-barcelona-para-bien-y-para-mal\/","title":{"rendered":"Colau apuesta por mantener la estatua de Col\u00f3n: \u00abEs un \u00edcono de la ciudad de Barcelona, para bien y para mal\u00bb"},"content":{"rendered":"<p>La alcaldesa de Barcelona, <strong>Ada Colau, <\/strong><a href=\"https:\/\/www.abc.es\/espana\/catalunya\/abci-sergi-doria-inquisicion-antifascista-202006141205_noticia.html\" target=\"_blank\" rel=\"noopener\">est\u00e1 estudiando contextualizar la emblem\u00e1tica estatua de Col\u00f3n,<\/a> bien poniendo una placa que explique su contexto hist\u00f3rico o con una exposici\u00f3n en torno al monumento, <strong>pero no retirarla,<\/strong> como pidi\u00f3 inicialmente la presidenta de Catalunya en Com\u00fa, J\u00e9ssica Albiach.<\/p>\n<p>En una entrevista en RAC-1, Colau ha dicho que ella apuesta por una <strong>\u00abexplicaci\u00f3n cr\u00edtica\u00bb del monumento<\/strong> y ha reconocido que \u00abesta estatua es un \u00edcono de la ciudad de Barcelona, para bien y para mal, con todo lo que implica\u00bb.<\/p>\n<p>La presidenta de Catalunya en Com\u00fa-Podem en el Parlament, J\u00e9ssica Albiach <a href=\"https:\/\/www.abc.es\/espana\/catalunya\/politica\/abci-jessica-albiach-desmontar-estatua-colon-barcelona-seria-buena-medida-202006131553_noticia.html\" target=\"_blank\" rel=\"noopener\">, afirm\u00f3 que \u00abdesmontar la estatua de Col\u00f3n ser\u00eda una buena medida\u00bb en el contexto de las protestas antirracistas<\/a> contra personajes vinculados a la colonizaci\u00f3n y la esclavitud, aunque horas despu\u00e9s matiz\u00f3 su propuesta y asegur\u00f3 que la escultura debe ser \u00abcontextualizada\u00bb en su emplazamiento, mejor que desmontarla.<\/p>\n<p>\u201cLa estatua de Col\u00f3n forma parte de la memoria, cr\u00edtica, de la ciudad de Barcelona. Todos los expertos en memoria democr\u00e1tica que hemos consultado <strong>ven m\u00e1s interesante poder dejar la estatua de forma cr\u00edtica<\/strong> y que haya una explicaci\u00f3n\u201d, ha respondido Colau.<\/p>\n<p>\u00abUno de los planteamientos que ha tenido m\u00e1s \u00e9xito entre los diferentes expertos es que se pueda mantener con una explicaci\u00f3n cr\u00edtica, de a qu\u00e9 ciudad respond\u00eda, con un poder burgu\u00e9s, con una determinada visi\u00f3n del mundo&#8230;\u00bb, ha se\u00f1alado la alcaldesa. Seg\u00fan Colau, \u00abse puede hacer con una placa, una exposici\u00f3n en torno a la estatua&#8230; hay diferentes maneras\u00bb.<\/p>\n<p>\u00abHay diferentes posibilidades. Es un debate que comenz\u00f3 hace tiempo y que queremos seguir haciendo con los<strong> colectivos antirracistas<\/strong> y los expertos en memoria democr\u00e1tica. Creemos que se debe hacer un an\u00e1lisis cr\u00edtico sobre el arte p\u00fablico. El debate es absolutamente pertinente\u00ab, ha reflexionado Colau.<\/p>\n<p>La alcaldesa de Barcelona ha recordado que el consistorio ya retir\u00f3 la estatua del comerciante y marino <strong>Antonio L\u00f3pez,<\/strong> acusado de traficar con esclavos, <a href=\"https:\/\/www.abc.es\/espana\/catalunya\/barcelona\/abci-primer-marques-comillas-borrado-barcelona-gobierno-colau-201803010049_noticia.html\" target=\"_blank\" rel=\"noopener\">\u00abpero no significa que se tenga que actuar de la misma manera con todas las estatuas\u00bb.<\/a><\/p>\n<p>&nbsp;<\/p>\n<p>Fuente:\u00a0\u00a0 ABC Cultura<\/p>\n","protected":false},"excerpt":{"rendered":"<p>La alcaldesa de Barcelona, Ada Colau, est\u00e1 estudiando contextualizar la <a href=\"https:\/\/sertv.gob.pa\/crisolfm\/colau-apuesta-por-mantener-la-estatua-de-colon-es-un-icono-de-la-ciudad-de-barcelona-para-bien-y-para-mal\/\"> [&#8230;]<\/a><\/p>\n","protected":false},"author":64,"featured_media":29227,"comment_status":"closed","ping_status":"closed","sticky":false,"template":"","format":"standard","meta":{"footnotes":""},"categories":[6],"tags":[],"class_list":["post-29226","post","type-post","status-publish","format-standard","has-post-thumbnail","hentry","category-culturales"],"_links":{"self":[{"href":"https:\/\/sertv.gob.pa\/crisolfm\/wp-json\/wp\/v2\/posts\/29226","targetHints":{"allow":["GET"]}}],"collection":[{"href":"https:\/\/sertv.gob.pa\/crisolfm\/wp-json\/wp\/v2\/posts"}],"about":[{"href":"https:\/\/sertv.gob.pa\/crisolfm\/wp-json\/wp\/v2\/types\/post"}],"author":[{"embeddable":true,"href":"https:\/\/sertv.gob.pa\/crisolfm\/wp-json\/wp\/v2\/users\/64"}],"replies":[{"embeddable":true,"href":"https:\/\/sertv.gob.pa\/crisolfm\/wp-json\/wp\/v2\/comments?post=29226"}],"version-history":[{"count":1,"href":"https:\/\/sertv.gob.pa\/crisolfm\/wp-json\/wp\/v2\/posts\/29226\/revisions"}],"predecessor-version":[{"id":29228,"href":"https:\/\/sertv.gob.pa\/crisolfm\/wp-json\/wp\/v2\/posts\/29226\/revisions\/29228"}],"wp:featuredmedia":[{"embeddable":true,"href":"https:\/\/sertv.gob.pa\/crisolfm\/wp-json\/wp\/v2\/media\/29227"}],"wp:attachment":[{"href":"https:\/\/sertv.gob.pa\/crisolfm\/wp-json\/wp\/v2\/media?parent=29226"}],"wp:term":[{"taxonomy":"category","embeddable":true,"href":"https:\/\/sertv.gob.pa\/crisolfm\/wp-json\/wp\/v2\/categories?post=29226"},{"taxonomy":"post_tag","embeddable":true,"href":"https:\/\/sertv.gob.pa\/crisolfm\/wp-json\/wp\/v2\/tags?post=29226"}],"curies":[{"name":"wp","href":"https:\/\/api.w.org\/{rel}","templated":true}]}}