{"id":29229,"date":"2020-06-15T15:25:39","date_gmt":"2020-06-15T15:25:39","guid":{"rendered":"https:\/\/sertv.gob.pa\/crisolfm\/?p=29229"},"modified":"2020-06-15T15:25:39","modified_gmt":"2020-06-15T15:25:39","slug":"capturan-ciudadano-infraganti-cometiendo-infraccion-y-delito-ambiental","status":"publish","type":"post","link":"https:\/\/sertv.gob.pa\/crisolfm\/capturan-ciudadano-infraganti-cometiendo-infraccion-y-delito-ambiental\/","title":{"rendered":"Capturan ciudadano infraganti, cometiendo infracci\u00f3n y delito ambiental"},"content":{"rendered":"<p>El Ministerio de Ambiente en coordinaci\u00f3n con la Polic\u00eda Ambiental y la DIJ, ante denuncia p\u00fablica en redes sociales, lograron la captura de un ciudadano cometiendo delito e infracci\u00f3n ambiental contra los manglares en el \u00e1rea de Coco del Mar de San Francisco.<\/p>\n<p>Por parte, de MiAmbiente se le impondr\u00e1 la sanci\u00f3n administrativa correspondiente en base a los establecido por el decreto ejecutivo 5 de 2017 y se le dar\u00e1 tr\u00e1mite ante la fiscal\u00eda ambiental por delito contra los recursos naturales. En tanto, la Polic\u00eda Ambiental dar\u00e1 tr\u00e1mite correspondiente ante el sistema penal acusatorio y lo pondr\u00e1 a las \u00f3rdenes de la fiscal\u00eda.<\/p>\n<p>Se le reitera a toda la poblaci\u00f3n que presenten sus denuncias ambientales al 311 y a trav\u00e9s de nuestras redes sociales de @miambientepma para darle el seguimiento correspondiente.<\/p>\n<p>&nbsp;<\/p>\n<p>Fuente:\u00a0 MiAmbiente<\/p>\n","protected":false},"excerpt":{"rendered":"<p>El Ministerio de Ambiente en coordinaci\u00f3n con la Polic\u00eda Ambiental <a href=\"https:\/\/sertv.gob.pa\/crisolfm\/capturan-ciudadano-infraganti-cometiendo-infraccion-y-delito-ambiental\/\"> [&#8230;]<\/a><\/p>\n","protected":false},"author":64,"featured_media":29231,"comment_status":"closed","ping_status":"closed","sticky":false,"template":"","format":"standard","meta":{"footnotes":""},"categories":[7],"tags":[],"class_list":["post-29229","post","type-post","status-publish","format-standard","has-post-thumbnail","hentry","category-ecologicas"],"_links":{"self":[{"href":"https:\/\/sertv.gob.pa\/crisolfm\/wp-json\/wp\/v2\/posts\/29229","targetHints":{"allow":["GET"]}}],"collection":[{"href":"https:\/\/sertv.gob.pa\/crisolfm\/wp-json\/wp\/v2\/posts"}],"about":[{"href":"https:\/\/sertv.gob.pa\/crisolfm\/wp-json\/wp\/v2\/types\/post"}],"author":[{"embeddable":true,"href":"https:\/\/sertv.gob.pa\/crisolfm\/wp-json\/wp\/v2\/users\/64"}],"replies":[{"embeddable":true,"href":"https:\/\/sertv.gob.pa\/crisolfm\/wp-json\/wp\/v2\/comments?post=29229"}],"version-history":[{"count":1,"href":"https:\/\/sertv.gob.pa\/crisolfm\/wp-json\/wp\/v2\/posts\/29229\/revisions"}],"predecessor-version":[{"id":29232,"href":"https:\/\/sertv.gob.pa\/crisolfm\/wp-json\/wp\/v2\/posts\/29229\/revisions\/29232"}],"wp:featuredmedia":[{"embeddable":true,"href":"https:\/\/sertv.gob.pa\/crisolfm\/wp-json\/wp\/v2\/media\/29231"}],"wp:attachment":[{"href":"https:\/\/sertv.gob.pa\/crisolfm\/wp-json\/wp\/v2\/media?parent=29229"}],"wp:term":[{"taxonomy":"category","embeddable":true,"href":"https:\/\/sertv.gob.pa\/crisolfm\/wp-json\/wp\/v2\/categories?post=29229"},{"taxonomy":"post_tag","embeddable":true,"href":"https:\/\/sertv.gob.pa\/crisolfm\/wp-json\/wp\/v2\/tags?post=29229"}],"curies":[{"name":"wp","href":"https:\/\/api.w.org\/{rel}","templated":true}]}}