{"id":29240,"date":"2020-06-15T15:48:41","date_gmt":"2020-06-15T15:48:41","guid":{"rendered":"https:\/\/sertv.gob.pa\/crisolfm\/?p=29240"},"modified":"2020-06-15T15:48:41","modified_gmt":"2020-06-15T15:48:41","slug":"el-covid-19-acelera-una-decada-los-compromisos-ambientales","status":"publish","type":"post","link":"https:\/\/sertv.gob.pa\/crisolfm\/el-covid-19-acelera-una-decada-los-compromisos-ambientales\/","title":{"rendered":"El COVID-19 acelera una d\u00e9cada los compromisos ambientales"},"content":{"rendered":"<p><strong>La crisis del coronavirus<\/strong> ha supuesto \u00abun salto de 10 a\u00f1os\u00bb en la aplicaci\u00f3n de los compromisos medioambientales de la comunidad internacional en unos meses en los que el 65 por ciento de los espa\u00f1oles se ha concienciado sobre la incidencia del cambio clim\u00e1tico en la pandemia, seg\u00fan un an\u00e1lisis realizado por expertos del sector energ\u00e9tico y una encuesta de MARCO realizada a 4.500 personas de seis pa\u00edses.<\/p>\n<p>En este contexto, en un webinar sobre Nuevas Sociedades Sostenibles post-COVID19, representantes de las empresas energ\u00e9ticas Naturgy, Ferrovial, Kaiserwetter, The Climate Reality Project Europe, ALDRO Energ\u00eda y APPA Renovables, han detacado que la cooperaci\u00f3n entre pa\u00edses, la aplicaci\u00f3n de tecnolog\u00edas como la IA, la anal\u00edtica preventiva de datos al servicio del cliente y el empoderamiento de la ciudadan\u00eda, ser\u00e1n la clave para el cambio de modelo energ\u00e9tico.<\/p>\n<p>Los participantes han coincidido en que la salida de la crisis debe estar basada en el cumplimiento de la agenda verde<\/p>\n<p>Adem\u00e1s, han coincidido en que <strong>el COVID-19<\/strong> es un punto de inflexi\u00f3n para la transici\u00f3n energ\u00e9tica y que la crisis mundial ha paralizado las tendencias al alza en el sector de las energ\u00edas verdes, as\u00ed como los compromisos reforzados tras la COP25.<\/p>\n<p>La ca\u00edda del precio del petr\u00f3leo y el descenso de la demanda energ\u00e9tica, ha frenado la inversi\u00f3n en energ\u00edas renovables durante el primer periodo de la crisis, pero los participantes esperan una mayor cooperaci\u00f3n entre instituciones p\u00fablicas y privadas es clave para revertir esta tendencia con un refuerzo de la agenda verde y una mayor apuesta por la tecnolog\u00eda para una transici\u00f3n eficaz.<\/p>\n<p>La responsable de Medio ambiente y Sostenibilidad de Naturgy, Nieves Cifuentes, ha manifestado que \u00abla crisis global ha sido el primer experimento real para la aplicaci\u00f3n de un inevitable cambio de paradigma en nuestros h\u00e1bitos de trabajo, consumo energ\u00e9tico y movilidad\u00bb. Adem\u00e1s, ha destacado que las renovables cubrieron m\u00e1s del 70 por ciento de la demanda durante este periodo.<\/p>\n<p>Rodr\u00edguez ha defendido que el confinamiento ha supuesto un experimento de cese de <strong>las emisiones a escala global<\/strong>, debido al cual, por primera vez se han implementado y podr\u00e1n medirse las consecuencias reales de un cambio en el modelo de consumo energ\u00e9tico.<\/p>\n<p>&nbsp;<\/p>\n<p>Fuente:\u00a0\u00a0 ECOticias<\/p>\n","protected":false},"excerpt":{"rendered":"<p>La crisis del coronavirus ha supuesto \u00abun salto de 10 <a href=\"https:\/\/sertv.gob.pa\/crisolfm\/el-covid-19-acelera-una-decada-los-compromisos-ambientales\/\"> [&#8230;]<\/a><\/p>\n","protected":false},"author":64,"featured_media":29241,"comment_status":"closed","ping_status":"closed","sticky":false,"template":"","format":"standard","meta":{"footnotes":""},"categories":[7],"tags":[],"class_list":["post-29240","post","type-post","status-publish","format-standard","has-post-thumbnail","hentry","category-ecologicas"],"_links":{"self":[{"href":"https:\/\/sertv.gob.pa\/crisolfm\/wp-json\/wp\/v2\/posts\/29240","targetHints":{"allow":["GET"]}}],"collection":[{"href":"https:\/\/sertv.gob.pa\/crisolfm\/wp-json\/wp\/v2\/posts"}],"about":[{"href":"https:\/\/sertv.gob.pa\/crisolfm\/wp-json\/wp\/v2\/types\/post"}],"author":[{"embeddable":true,"href":"https:\/\/sertv.gob.pa\/crisolfm\/wp-json\/wp\/v2\/users\/64"}],"replies":[{"embeddable":true,"href":"https:\/\/sertv.gob.pa\/crisolfm\/wp-json\/wp\/v2\/comments?post=29240"}],"version-history":[{"count":1,"href":"https:\/\/sertv.gob.pa\/crisolfm\/wp-json\/wp\/v2\/posts\/29240\/revisions"}],"predecessor-version":[{"id":29242,"href":"https:\/\/sertv.gob.pa\/crisolfm\/wp-json\/wp\/v2\/posts\/29240\/revisions\/29242"}],"wp:featuredmedia":[{"embeddable":true,"href":"https:\/\/sertv.gob.pa\/crisolfm\/wp-json\/wp\/v2\/media\/29241"}],"wp:attachment":[{"href":"https:\/\/sertv.gob.pa\/crisolfm\/wp-json\/wp\/v2\/media?parent=29240"}],"wp:term":[{"taxonomy":"category","embeddable":true,"href":"https:\/\/sertv.gob.pa\/crisolfm\/wp-json\/wp\/v2\/categories?post=29240"},{"taxonomy":"post_tag","embeddable":true,"href":"https:\/\/sertv.gob.pa\/crisolfm\/wp-json\/wp\/v2\/tags?post=29240"}],"curies":[{"name":"wp","href":"https:\/\/api.w.org\/{rel}","templated":true}]}}