{"id":29251,"date":"2020-06-15T17:02:31","date_gmt":"2020-06-15T17:02:31","guid":{"rendered":"https:\/\/sertv.gob.pa\/crisolfm\/?p=29251"},"modified":"2020-06-15T17:02:31","modified_gmt":"2020-06-15T17:02:31","slug":"el-colmo-de-los-colmos-ahora-espana-importa-carne-procedente-de-la-deforestacion-de-la-amazonia","status":"publish","type":"post","link":"https:\/\/sertv.gob.pa\/crisolfm\/el-colmo-de-los-colmos-ahora-espana-importa-carne-procedente-de-la-deforestacion-de-la-amazonia\/","title":{"rendered":"El colmo de los colmos, ahora Espa\u00f1a importa carne procedente de la deforestaci\u00f3n de la Amazonia"},"content":{"rendered":"<p>Una\u00a0<a href=\"http:\/\/anws.co\/bI1xG\/%7b5c6b23f8-9ad8-435d-99a0-9777955426aa%7d\" target=\"_blank\" rel=\"noopener\">investigaci\u00f3n<\/a>\u00a0conjunta de Greenpeace Brasil y Rep\u00f3rter Brasil (1, 2) ha puesto en evidencia <strong>los v\u00ednculos entre la deforestaci\u00f3n<\/strong> producida por la expansi\u00f3n ganadera en el interior de espacios protegidos de Brasil, las exportaciones brasile\u00f1as de carne congelada y el consumo de esta carne en los mercados internacionales, incluidos los pa\u00edses de la UE.<\/p>\n<p>En el caso de Espa\u00f1a, algunas empresas importadoras de esta carne congelada, principalmente ubicadas en el archipi\u00e9lago Canario, presumen de tener entre sus clientes a las grandes cadenas hoteleras como Barcel\u00f3, Iberostar o N10 Hotels.<\/p>\n<p>La investigaci\u00f3n de Greenpeace se centra en el\u00a0Parque Estatal Ricardo Franco, un espacio protegido de 158.000 hect\u00e1reas\u00a0creado en 1997 en la frontera entre Mato Grosso, en Brasil, y Bolivia. Debido a su alta biodiversidad, el parque fue creado bajo la categor\u00eda de \u201cprotecci\u00f3n integral\u201d.<\/p>\n<p>Seg\u00fan el an\u00e1lisis, desde la creaci\u00f3n del parque,\u00a0m\u00e1s de <strong>12.000 hect\u00e1reas han sido deforestadas<\/strong> y, en la pr\u00e1ctica, el 71% de su \u00e1rea es reclamada por el sector ganadero como propiedad privada.\u00a0Estas granjas ganaderas dentro del espacio son\u00a0incompatibles con los objetivos de protecci\u00f3n.<\/p>\n<p>De las 137 granjas destacan dos de ellas: Pared\u00e3o I y II, que suman m\u00e1s de 4.000 hect\u00e1reas, de las cuales, al menos, 2.000 hect\u00e1reas han sido deforestadas ilegalmente. En 2016, los da\u00f1os ambientales en estas granjas fueron objeto de investigaciones y acciones judiciales por parte de la Oficina del Fiscal del Estado de Mato Grosso.<\/p>\n<p>\u201cEl caso del Parque Estatal Ricardo Franco se repite en muchos otros <strong>lugares de la Amazon\u00eda<\/strong>.\u00a0El actual repunte de la deforestaci\u00f3n en el interior de \u00e1reas protegidas y tierras ind\u00edgenas est\u00e1 directamente relacionado con las declaraciones, pol\u00edticas y est\u00edmulos promovidos por el actual presidente Bolsonaro\u201d\u00a0ha declarado Miguel \u00c1ngel Soto, responsable de la Campa\u00f1a de Bosques de Greenpeace Espa\u00f1a.<\/p>\n<p>Este esquema, un verdadero \u201clavado de ganado ilegal\u201d permite que el ganado pueda ser suministrado a mataderos que se han comprometido p\u00fablicamente a limpiar sus cadenas de suministro de ganado procedente de <strong>\u00e1reas afectadas por la deforestaci\u00f3n<\/strong>\u00a0e invasi\u00f3n de \u00e1reas protegidas (3).<\/p>\n<p>\u201cLa\u00a0Uni\u00f3n Europea no puede permanecer al margen\u00a0del enorme impacto ambiental y social de sus cadenas de suministro. El consumo de los europeos provoca cambio clim\u00e1tico, p\u00e9rdida de biodiversidad y violaciones de los derechos humanos.\u201d ha declarado Soto. \u201cEs urgente que la Comisi\u00f3n Europea ponga en marcha la anunciada legislaci\u00f3n que impida la entrada en la Uni\u00f3n Europea de materias primas procedentes de la deforestaci\u00f3n\u201d.<\/p>\n<p><a href=\"http:\/\/anws.co\/bI1xH\/%7b5c6b23f8-9ad8-435d-99a0-9777955426aa%7d\" target=\"_blank\" rel=\"noopener\">Datos recientes<\/a>\u00a0analizados por Greenpeace Brasil muestran que la destrucci\u00f3n del Amazonas se est\u00e1 acelerando. Durante el pasado mes de mayo, <strong>las alertas de deforestaci\u00f3<\/strong>n aumentaron un 34% en comparaci\u00f3n con el mes anterior.<\/p>\n<p>En este momento, cuando Brasil se est\u00e1 convirtiendo en el nuevo epicentro de la COVID-19, el aumento de la deforestaci\u00f3n es la peor noticia, especialmente para los pueblos ind\u00edgenas, que son las comunidades m\u00e1s vulnerables del Amazonas.<\/p>\n<p>&nbsp;<\/p>\n<p>Fuente:\u00a0 ECOticias<\/p>\n","protected":false},"excerpt":{"rendered":"<p>Una\u00a0investigaci\u00f3n\u00a0conjunta de Greenpeace Brasil y Rep\u00f3rter Brasil (1, 2) ha <a href=\"https:\/\/sertv.gob.pa\/crisolfm\/el-colmo-de-los-colmos-ahora-espana-importa-carne-procedente-de-la-deforestacion-de-la-amazonia\/\"> [&#8230;]<\/a><\/p>\n","protected":false},"author":64,"featured_media":29253,"comment_status":"closed","ping_status":"closed","sticky":false,"template":"","format":"standard","meta":{"footnotes":""},"categories":[7],"tags":[],"class_list":["post-29251","post","type-post","status-publish","format-standard","has-post-thumbnail","hentry","category-ecologicas"],"_links":{"self":[{"href":"https:\/\/sertv.gob.pa\/crisolfm\/wp-json\/wp\/v2\/posts\/29251","targetHints":{"allow":["GET"]}}],"collection":[{"href":"https:\/\/sertv.gob.pa\/crisolfm\/wp-json\/wp\/v2\/posts"}],"about":[{"href":"https:\/\/sertv.gob.pa\/crisolfm\/wp-json\/wp\/v2\/types\/post"}],"author":[{"embeddable":true,"href":"https:\/\/sertv.gob.pa\/crisolfm\/wp-json\/wp\/v2\/users\/64"}],"replies":[{"embeddable":true,"href":"https:\/\/sertv.gob.pa\/crisolfm\/wp-json\/wp\/v2\/comments?post=29251"}],"version-history":[{"count":1,"href":"https:\/\/sertv.gob.pa\/crisolfm\/wp-json\/wp\/v2\/posts\/29251\/revisions"}],"predecessor-version":[{"id":29254,"href":"https:\/\/sertv.gob.pa\/crisolfm\/wp-json\/wp\/v2\/posts\/29251\/revisions\/29254"}],"wp:featuredmedia":[{"embeddable":true,"href":"https:\/\/sertv.gob.pa\/crisolfm\/wp-json\/wp\/v2\/media\/29253"}],"wp:attachment":[{"href":"https:\/\/sertv.gob.pa\/crisolfm\/wp-json\/wp\/v2\/media?parent=29251"}],"wp:term":[{"taxonomy":"category","embeddable":true,"href":"https:\/\/sertv.gob.pa\/crisolfm\/wp-json\/wp\/v2\/categories?post=29251"},{"taxonomy":"post_tag","embeddable":true,"href":"https:\/\/sertv.gob.pa\/crisolfm\/wp-json\/wp\/v2\/tags?post=29251"}],"curies":[{"name":"wp","href":"https:\/\/api.w.org\/{rel}","templated":true}]}}