{"id":29278,"date":"2020-06-15T20:27:29","date_gmt":"2020-06-15T20:27:29","guid":{"rendered":"https:\/\/sertv.gob.pa\/crisolfm\/?p=29278"},"modified":"2020-06-15T20:27:29","modified_gmt":"2020-06-15T20:27:29","slug":"micultura-invita-a-gestores-culturales-a-participar-de-las-convocatorias-2020-2021-de-iberescena","status":"publish","type":"post","link":"https:\/\/sertv.gob.pa\/crisolfm\/micultura-invita-a-gestores-culturales-a-participar-de-las-convocatorias-2020-2021-de-iberescena\/","title":{"rendered":"MiCultura invita a gestores culturales a participar de las convocatorias 2020-2021 de IBERESCENA"},"content":{"rendered":"<p>El Ministerio de Cultura invita a creativos artistas y gestores culturales de cada uno de los pa\u00edses que integran el Programa IBERESCENA, para que, del 15 de junio al 15 de octubre de 2020, puedan enviar sus propuestas para las ayudas a proyectos 2020-2021.<\/p>\n<p>En la XXVIII Reuni\u00f3n del Consejo Intergubernamental de IBERESCENA en sesi\u00f3n virtual, ante la situaci\u00f3n derivada por el COVID-19, con la presencia de los representantes de los 16 Pa\u00edses miembros de IBERESCENA en la que Panam\u00e1 forma parte a trav\u00e9s del Ministerio de Cultura fue aprobado el per\u00edodo de convocatoria para las 3 l\u00edneas de ayudas que son:<\/p>\n<ul>\n<li>Ayudas a la Creaci\u00f3n en Residencia.<\/li>\n<li>Ayudas a la Coproducci\u00f3n de Espect\u00e1culos de Artes Esc\u00e9nicas.<\/li>\n<li>Ayudas a la Programaci\u00f3n de Festivales y Espacios Esc\u00e9nicos.<\/li>\n<\/ul>\n<p>Cabe destacar que esta nueva Convocatoria est\u00e1 marcada por el total entendimiento y solidaridad de la situaci\u00f3n actual por la que el sector de las Artes Esc\u00e9nicas Iberoamericanas est\u00e1 pasando como resultado de la Pandemia mundial y que, por ello, se ha procedido a una exhaustiva revisi\u00f3n de los par\u00e1metros de sus ayudas, procedi\u00e9ndose a la adaptaci\u00f3n de los mismos para poder garantizar la ejecuci\u00f3n de los proyectos resultantes a lo largo del a\u00f1o 2021., agreg\u00f3 la organizaci\u00f3n en nota de prensa presentada en su sitio web.<\/p>\n<p>Para enviar su solicitud, los\/as interesados\/as deber\u00e1n inscribirse a trav\u00e9s de la Plataforma digital disponible en la web de IBERESCENA y rellenar el formulario correspondiente a la l\u00ednea de ayuda seleccionada.<\/p>\n<p>IBERESCENA es un programa de cooperaci\u00f3n Iberoamericana para las Artes Esc\u00e9nicas, integrado por 16 pa\u00edses los cuales realizan una aportaci\u00f3n anual de recursos, para constituir un fondo econ\u00f3mico concursable, abierto a profesionales de las artes esc\u00e9nicas que residen en los pa\u00edses miembros del programa.<\/p>\n<p>M\u00e1s informaci\u00f3n en la p\u00e1gina web del Programa (www.iberescena.org) o a trav\u00e9s de sus Redes Sociales y servicio de Newsletter.<\/p>\n<p>&nbsp;<\/p>\n<p>Fuente:\u00a0\u00a0 MiCultura<\/p>\n<p>&nbsp;<\/p>\n","protected":false},"excerpt":{"rendered":"<p>El Ministerio de Cultura invita a creativos artistas y gestores <a href=\"https:\/\/sertv.gob.pa\/crisolfm\/micultura-invita-a-gestores-culturales-a-participar-de-las-convocatorias-2020-2021-de-iberescena\/\"> [&#8230;]<\/a><\/p>\n","protected":false},"author":64,"featured_media":29279,"comment_status":"closed","ping_status":"closed","sticky":false,"template":"","format":"standard","meta":{"footnotes":""},"categories":[6],"tags":[],"class_list":["post-29278","post","type-post","status-publish","format-standard","has-post-thumbnail","hentry","category-culturales"],"_links":{"self":[{"href":"https:\/\/sertv.gob.pa\/crisolfm\/wp-json\/wp\/v2\/posts\/29278","targetHints":{"allow":["GET"]}}],"collection":[{"href":"https:\/\/sertv.gob.pa\/crisolfm\/wp-json\/wp\/v2\/posts"}],"about":[{"href":"https:\/\/sertv.gob.pa\/crisolfm\/wp-json\/wp\/v2\/types\/post"}],"author":[{"embeddable":true,"href":"https:\/\/sertv.gob.pa\/crisolfm\/wp-json\/wp\/v2\/users\/64"}],"replies":[{"embeddable":true,"href":"https:\/\/sertv.gob.pa\/crisolfm\/wp-json\/wp\/v2\/comments?post=29278"}],"version-history":[{"count":1,"href":"https:\/\/sertv.gob.pa\/crisolfm\/wp-json\/wp\/v2\/posts\/29278\/revisions"}],"predecessor-version":[{"id":29280,"href":"https:\/\/sertv.gob.pa\/crisolfm\/wp-json\/wp\/v2\/posts\/29278\/revisions\/29280"}],"wp:featuredmedia":[{"embeddable":true,"href":"https:\/\/sertv.gob.pa\/crisolfm\/wp-json\/wp\/v2\/media\/29279"}],"wp:attachment":[{"href":"https:\/\/sertv.gob.pa\/crisolfm\/wp-json\/wp\/v2\/media?parent=29278"}],"wp:term":[{"taxonomy":"category","embeddable":true,"href":"https:\/\/sertv.gob.pa\/crisolfm\/wp-json\/wp\/v2\/categories?post=29278"},{"taxonomy":"post_tag","embeddable":true,"href":"https:\/\/sertv.gob.pa\/crisolfm\/wp-json\/wp\/v2\/tags?post=29278"}],"curies":[{"name":"wp","href":"https:\/\/api.w.org\/{rel}","templated":true}]}}