{"id":29290,"date":"2020-06-16T13:56:20","date_gmt":"2020-06-16T13:56:20","guid":{"rendered":"https:\/\/sertv.gob.pa\/crisolfm\/?p=29290"},"modified":"2020-06-16T13:56:20","modified_gmt":"2020-06-16T13:56:20","slug":"la-amenaza-del-coronavirus-se-cierne-sobre-la-peregrinacion-a-la-meca","status":"publish","type":"post","link":"https:\/\/sertv.gob.pa\/crisolfm\/la-amenaza-del-coronavirus-se-cierne-sobre-la-peregrinacion-a-la-meca\/","title":{"rendered":"La amenaza del coronavirus se cierne sobre la peregrinaci\u00f3n a La Meca"},"content":{"rendered":"<p>A pocas semanas de la gran peregrinaci\u00f3n a La Meca, Arabia Saudita se enfrenta a una dif\u00edcil decisi\u00f3n: \u00bflimitar el n\u00famero de peregrinos o anular el \u00abhajj\u00bb, una de las mayores aglomeraciones de gente en el mundo, debido a la enfermedad covid-19?<\/p>\n<p>Pese a que el tiempo apremia, el reino a\u00fan no ha tomado una decisi\u00f3n respecto al hajj, la peregrinaci\u00f3n previsto para fines de julio.<\/p>\n<p>En 2019, la peregrinaci\u00f3n que cualquier musulm\u00e1n deber\u00eda realizar al menos una vez en su vida si tiene los medios para ello, congreg\u00f3 a 2,5 millones de fieles.<\/p>\n<p>Semejante aglomeraci\u00f3n parece descartada este a\u00f1o: Riad pidi\u00f3 a fines de marzo a los pa\u00edses musulmanes &#8211;encargados de seleccionar a los peregrinos candidatos, pagar por adelantado sus gastos de alojamiento y trasporte, etc&#8211; que postergaran los preparativos.<\/p>\n<p>La decisi\u00f3n sobre el hajj \u00abser\u00e1 tomada y anunciada pr\u00f3ximamente\u00bb, asegura un responsable saud\u00ed.<\/p>\n<p>Indonesia, pa\u00eds musulm\u00e1n m\u00e1s poblado del mundo, tom\u00f3 la \u00abamarga y dif\u00edcil\u00bb decisi\u00f3n de renunciar al hajj, al igual que Malasia y Singapur.<\/p>\n<p>Senegal suspendi\u00f3 \u00abtodas las formalidades para el viaje\u00bb de los peregrinos. Otros pa\u00edses, como Egipto, Marruecos, Turqu\u00eda o L\u00edbano, siguen esperando una decisi\u00f3n de Arabia Saudita.<\/p>\n<p>En Francia, el Consejo franc\u00e9s del culto musulm\u00e1n inst\u00f3 a los fieles a \u00abposterga\u00bb su peregrinaci\u00f3n a 2021.<\/p>\n<p>&nbsp;<\/p>\n<p>Fuente:\u00a0 AFP<\/p>\n","protected":false},"excerpt":{"rendered":"<p>A pocas semanas de la gran peregrinaci\u00f3n a La Meca, <a href=\"https:\/\/sertv.gob.pa\/crisolfm\/la-amenaza-del-coronavirus-se-cierne-sobre-la-peregrinacion-a-la-meca\/\"> [&#8230;]<\/a><\/p>\n","protected":false},"author":64,"featured_media":29291,"comment_status":"closed","ping_status":"closed","sticky":false,"template":"","format":"standard","meta":{"footnotes":""},"categories":[6],"tags":[],"class_list":["post-29290","post","type-post","status-publish","format-standard","has-post-thumbnail","hentry","category-culturales"],"_links":{"self":[{"href":"https:\/\/sertv.gob.pa\/crisolfm\/wp-json\/wp\/v2\/posts\/29290","targetHints":{"allow":["GET"]}}],"collection":[{"href":"https:\/\/sertv.gob.pa\/crisolfm\/wp-json\/wp\/v2\/posts"}],"about":[{"href":"https:\/\/sertv.gob.pa\/crisolfm\/wp-json\/wp\/v2\/types\/post"}],"author":[{"embeddable":true,"href":"https:\/\/sertv.gob.pa\/crisolfm\/wp-json\/wp\/v2\/users\/64"}],"replies":[{"embeddable":true,"href":"https:\/\/sertv.gob.pa\/crisolfm\/wp-json\/wp\/v2\/comments?post=29290"}],"version-history":[{"count":1,"href":"https:\/\/sertv.gob.pa\/crisolfm\/wp-json\/wp\/v2\/posts\/29290\/revisions"}],"predecessor-version":[{"id":29292,"href":"https:\/\/sertv.gob.pa\/crisolfm\/wp-json\/wp\/v2\/posts\/29290\/revisions\/29292"}],"wp:featuredmedia":[{"embeddable":true,"href":"https:\/\/sertv.gob.pa\/crisolfm\/wp-json\/wp\/v2\/media\/29291"}],"wp:attachment":[{"href":"https:\/\/sertv.gob.pa\/crisolfm\/wp-json\/wp\/v2\/media?parent=29290"}],"wp:term":[{"taxonomy":"category","embeddable":true,"href":"https:\/\/sertv.gob.pa\/crisolfm\/wp-json\/wp\/v2\/categories?post=29290"},{"taxonomy":"post_tag","embeddable":true,"href":"https:\/\/sertv.gob.pa\/crisolfm\/wp-json\/wp\/v2\/tags?post=29290"}],"curies":[{"name":"wp","href":"https:\/\/api.w.org\/{rel}","templated":true}]}}