{"id":29315,"date":"2020-06-16T17:53:32","date_gmt":"2020-06-16T17:53:32","guid":{"rendered":"https:\/\/sertv.gob.pa\/crisolfm\/?p=29315"},"modified":"2020-06-16T17:53:32","modified_gmt":"2020-06-16T17:53:32","slug":"actividades-en-conmemoracion-del-mes-de-los-recursos-naturales-realiza-miambiente-cocle","status":"publish","type":"post","link":"https:\/\/sertv.gob.pa\/crisolfm\/actividades-en-conmemoracion-del-mes-de-los-recursos-naturales-realiza-miambiente-cocle\/","title":{"rendered":"Actividades en conmemoraci\u00f3n del mes de los Recursos Naturales realiza MiAmbiente-Cocl\u00e9"},"content":{"rendered":"<p>Como parte de las actividades tenientes a celebrar el mes de los recursos renovables MiAmbiente- Cocl\u00e9 llev\u00f3 a cabo una sensibilizaci\u00f3n a usuarios y servidores p\u00fablicos mediante la elaboraci\u00f3n de un mural alusivo al D\u00eda Mundial del Ambiente, confeccionado a partir de materiales reutilizados (bolsas de tela y cart\u00f3n).<\/p>\n<p>As\u00ed mismo esta Regional particip\u00f3 de una reuni\u00f3n virtual de presentaci\u00f3n de propuestas de proyecto ante el Fondo Verde del Clima en cuencas prioritarias del pa\u00eds, entre ellas la Cuenca del R\u00edo Santa Mar\u00eda, con influencia en esta provincia<\/p>\n<p>Por otra parte, personal de esta Direcci\u00f3n Regional, conjuntamente con guardaparques y voluntarios, realizaron limpieza, corte y remoci\u00f3n de \u00e1rbol ca\u00eddo en la inmediaci\u00f3n de la caseta de control de sendero en el \u00c1rea Protegida Monumento Natural Cerro Gaital, que afect\u00f3 la cerca perimetral y parte de techo de la caseta.<\/p>\n<p>Del mismo modo el personal de la Agencia de El Valle de Ant\u00f3n, en conjunto con el Grupo Las Moza y el enlace de Proyecto de Fortalecimiento Alianza por el Mill\u00f3n de Hect\u00e1reas, recorrieron y georreferenciaron el lugar donde se llevar\u00e1 a cabo la reforestaci\u00f3n simb\u00f3lica del D\u00eda Nacional de Reforestaci\u00f3n.<\/p>\n<p>&nbsp;<\/p>\n<p>Fuente:\u00a0 MiAmbiente<\/p>\n","protected":false},"excerpt":{"rendered":"<p>Como parte de las actividades tenientes a celebrar el mes <a href=\"https:\/\/sertv.gob.pa\/crisolfm\/actividades-en-conmemoracion-del-mes-de-los-recursos-naturales-realiza-miambiente-cocle\/\"> [&#8230;]<\/a><\/p>\n","protected":false},"author":64,"featured_media":29316,"comment_status":"closed","ping_status":"closed","sticky":false,"template":"","format":"standard","meta":{"footnotes":""},"categories":[7],"tags":[],"class_list":["post-29315","post","type-post","status-publish","format-standard","has-post-thumbnail","hentry","category-ecologicas"],"_links":{"self":[{"href":"https:\/\/sertv.gob.pa\/crisolfm\/wp-json\/wp\/v2\/posts\/29315","targetHints":{"allow":["GET"]}}],"collection":[{"href":"https:\/\/sertv.gob.pa\/crisolfm\/wp-json\/wp\/v2\/posts"}],"about":[{"href":"https:\/\/sertv.gob.pa\/crisolfm\/wp-json\/wp\/v2\/types\/post"}],"author":[{"embeddable":true,"href":"https:\/\/sertv.gob.pa\/crisolfm\/wp-json\/wp\/v2\/users\/64"}],"replies":[{"embeddable":true,"href":"https:\/\/sertv.gob.pa\/crisolfm\/wp-json\/wp\/v2\/comments?post=29315"}],"version-history":[{"count":1,"href":"https:\/\/sertv.gob.pa\/crisolfm\/wp-json\/wp\/v2\/posts\/29315\/revisions"}],"predecessor-version":[{"id":29317,"href":"https:\/\/sertv.gob.pa\/crisolfm\/wp-json\/wp\/v2\/posts\/29315\/revisions\/29317"}],"wp:featuredmedia":[{"embeddable":true,"href":"https:\/\/sertv.gob.pa\/crisolfm\/wp-json\/wp\/v2\/media\/29316"}],"wp:attachment":[{"href":"https:\/\/sertv.gob.pa\/crisolfm\/wp-json\/wp\/v2\/media?parent=29315"}],"wp:term":[{"taxonomy":"category","embeddable":true,"href":"https:\/\/sertv.gob.pa\/crisolfm\/wp-json\/wp\/v2\/categories?post=29315"},{"taxonomy":"post_tag","embeddable":true,"href":"https:\/\/sertv.gob.pa\/crisolfm\/wp-json\/wp\/v2\/tags?post=29315"}],"curies":[{"name":"wp","href":"https:\/\/api.w.org\/{rel}","templated":true}]}}